{"id":4895,"date":"2025-10-02T22:14:07","date_gmt":"2025-10-02T22:14:07","guid":{"rendered":"https:\/\/inchurch.com.br\/blog\/?p=4895"},"modified":"2025-10-06T15:29:27","modified_gmt":"2025-10-06T15:29:27","slug":"acessibilidade-nos-cultos-quando-a-tecnologia-amplia-o-alcance-do-evangelho","status":"publish","type":"post","link":"https:\/\/inchurch.com.br\/blog\/acessibilidade-nos-cultos-quando-a-tecnologia-amplia-o-alcance-do-evangelho\/","title":{"rendered":"Acessibilidade nos Cultos: Quando a Tecnologia Amplia o Alcance do Evangelho"},"content":{"rendered":"\n<p>Vivemos em um tempo de oportunidades \u00fanicas para a Igreja de Cristo, se, por um lado, os desafios da inclus\u00e3o continuam a exigir sensibilidade e a\u00e7\u00e3o, por outro, a tecnologia tem se mostrado uma aliada poderosa para ampliar o alcance do Evangelho, especialmente entre pessoas com defici\u00eancia auditiva.<br><br>Um exemplo inspirador desse avan\u00e7o vem da <strong>Igreja Memorial de S\u00e3o Paulo<\/strong>, que tem utilizado a plataforma da inChurch como ferramenta estrat\u00e9gica de inclus\u00e3o e discipulado.<\/p>\n\n\n\n<p class=\"has-medium-font-size\"><strong>Acessibilidade como miss\u00e3o: mais que uma estrutura, uma cultura<\/strong><\/p>\n\n\n\n<p>O Minist\u00e9rio Com os Surdos da Igreja Memorial tem um objetivo claro: pastorear a comunidade surda, garantindo que eles tenham pleno acesso \u00e0 vida da igreja. Desde os cultos at\u00e9 os encontros infantis, acampamentos e retiros, tudo \u00e9 planejado com intencionalidade para que barreiras lingu\u00edsticas n\u00e3o sejam obst\u00e1culos \u00e0 comunh\u00e3o e ao crescimento espiritual.<\/p>\n\n\n\n<p>O Pastor Sandro Cruz, respons\u00e1vel por esse minist\u00e9rio, compartilha que a acessibilidade \u00e9, hoje, o ponto central da atua\u00e7\u00e3o com os surdos: <em>&#8220;A acessibilidade hoje \u00e9 o carro-chefe. Para que um surdo possa participar da nossa programa\u00e7\u00e3o, \u00e9 preciso que a barreira lingu\u00edstica seja quebrada.&#8221;<\/em> Essa barreira come\u00e7a a ruir quando a igreja entende que a L\u00edngua Brasileira de Sinais (Libras) n\u00e3o \u00e9 um recurso extra, mas sim o idioma de uma comunidade inteira que precisa ser alcan\u00e7ada.<\/p>\n\n\n\n<p class=\"has-medium-font-size\"><strong>Um Brasil que ouve pouco os surdos<\/strong><\/p>\n\n\n\n<p>Segundo dados do IBGE, o Brasil conta com aproximadamente 10 milh\u00f5es de pessoas com algum grau de defici\u00eancia auditiva. Isso significa que milh\u00f5es de brasileiros vivem, cotidianamente, \u00e0 margem de comunica\u00e7\u00f5es essenciais, incluindo as espirituais. A aus\u00eancia de acessibilidade nas igrejas n\u00e3o \u00e9 apenas uma limita\u00e7\u00e3o operacional, mas uma falha na miss\u00e3o.<br><br>A dimens\u00e3o desse desafio \u00e9 ainda maior quando olhamos para o cen\u00e1rio global, a Federa\u00e7\u00e3o Mundial de Surdos estima que apenas 2% dos surdos no mundo s\u00e3o crist\u00e3os. Em outras palavras, a grande maioria dessa comunidade ainda n\u00e3o teve acesso efetivo ao Evangelho em sua pr\u00f3pria l\u00edngua.<\/p>\n\n\n\n<p>Por isso, o trabalho da Igreja Memorial n\u00e3o \u00e9 apenas pontual, \u00e9 estrat\u00e9gico e missional. Ao investir na comunica\u00e7\u00e3o em Libras e na acessibilidade de eventos e cultos, a igreja est\u00e1 abrindo portas para que surdos e seus familiares possam conhecer a Cristo, crescer na f\u00e9 e se integrar plenamente \u00e0 comunidade crist\u00e3.<\/p>\n\n\n\n<p class=\"has-medium-font-size\"><strong>Tecnologia a servi\u00e7o do Reino: um case real de inclus\u00e3o digital<\/strong><\/p>\n\n\n\n<p>Nesse cen\u00e1rio, a tecnologia tem se tornado uma ponte fundamental. A utiliza\u00e7\u00e3o do aplicativo da inChurch permitiu \u00e0 igreja romper barreiras f\u00edsicas e geogr\u00e1ficas. Surdos que n\u00e3o fazem parte da congrega\u00e7\u00e3o local, mas que vivem em outras cidades ou estados, agora t\u00eam acesso aos conte\u00fados e podem participar de eventos, tudo isso por meio de links de inscri\u00e7\u00e3o compartilh\u00e1veis, que funcionam mesmo para aqueles que ainda n\u00e3o possuem o aplicativo instalado.<br><br>Esse avan\u00e7o tamb\u00e9m dialoga com um dado relevante, o Barna Group mostra que mais da metade dos pastores (52%) n\u00e3o recebe apoio profissional para lidar com os desafios ministeriais. Isso sugere que solu\u00e7\u00f5es digitais, como plataformas de gest\u00e3o e inclus\u00e3o, n\u00e3o apenas ampliam o alcance da igreja, mas tamb\u00e9m oferecem suporte pr\u00e1tico \u00e0 lideran\u00e7a pastoral, aliviando parte do peso de conduzir comunidades em um tempo de tantas complexidades.<\/p>\n\n\n\n<p><em>&#8220;Eu acabei de abrir o acampamento de surdos e o Encontro de Casais Surdos, e usamos esse link para que o surdo que n\u00e3o est\u00e1 aqui, que n\u00e3o tem o app, possa se inscrever da mesma forma e participar da programa\u00e7\u00e3o&#8221;<\/em>, relatou o Pastor Sandro Cruz. Essa facilidade expande o raio de alcance da igreja e transforma eventos locais em oportunidades nacionais de inclus\u00e3o.<\/p>\n\n\n\n<p>Al\u00e9m disso, os cultos transmitidos ao vivo contam com janela de interpreta\u00e7\u00e3o em Libras integrada, proporcionando entendimento e participa\u00e7\u00e3o efetiva. O feedback tem sido imediato: surdos relatam como os cultos os edificam, e tocados pela transmiss\u00e3o, decidem levar seus familiares para fazer parte da comunidade.<\/p>\n\n\n\n<p class=\"has-medium-font-size\"><strong>A igreja como refer\u00eancia de inclus\u00e3o<\/strong><\/p>\n\n\n\n<p>A proposta n\u00e3o \u00e9 apenas adaptar eventos espor\u00e1dicos, mas consolidar uma cultura de inclus\u00e3o como um reflexo da miss\u00e3o de Cristo. Ao tornar-se uma refer\u00eancia em acessibilidade, a Igreja Memorial mostra que \u00e9 poss\u00edvel unir tecnologia e prop\u00f3sito com sabedoria.<\/p>\n\n\n\n<p><em>&#8220;A ferramenta me ajuda a fazer um alcance ainda maior&#8221;<\/em>, resume o pastor. A acessibilidade, aqui, n\u00e3o \u00e9 um fim em si, mas um meio para que mais pessoas possam ser alcan\u00e7adas pelo amor e pela verdade do Evangelho.<\/p>\n\n\n\n<p class=\"has-medium-font-size\"><strong>Conclus\u00e3o: o compromisso da igreja com todos os povos, inclusive os que n\u00e3o ouvem com os ouvidos<\/strong><\/p>\n\n\n\n<p>A tecnologia, quando bem utilizada, \u00e9 um reflexo da gra\u00e7a de Deus: ela ultrapassa fronteiras, derruba muros e conecta cora\u00e7\u00f5es. Nesse sentido, a parceria entre a Igreja Memorial e a plataforma da inChurch tem revelado que a acessibilidade n\u00e3o \u00e9 apenas uma pauta social, \u00e9 um chamado espiritual.<\/p>\n\n\n\n<p>E esse chamado ecoa nas palavras do profeta Isa\u00edas:<\/p>\n\n\n\n<p><strong>\u201cMinha casa ser\u00e1 chamada casa de ora\u00e7\u00e3o para todos os povos.\u201d<br><\/strong> <em>Isa\u00edas 56:7 <\/em><br><br>Que esse case inspire outras igrejas a repensarem seus espa\u00e7os, estruturas e ferramentas. Pois enquanto houver uma \u00fanica alma que ainda n\u00e3o p\u00f4de ouvir, ou ver em Libras, as Boas-Novas de Jesus, a miss\u00e3o ainda n\u00e3o est\u00e1 completa.<\/p>\n","protected":false},"excerpt":{"rendered":"<p>Vivemos em um tempo de oportunidades \u00fanicas para a Igreja de Cristo, se, por um lado, os desafios da inclus\u00e3o&#8230;<\/p>\n","protected":false},"author":13,"featured_media":4899,"comment_status":"open","ping_status":"open","sticky":false,"template":"","format":"standard","meta":{"_mi_skip_tracking":false,"_exactmetrics_sitenote_active":false,"_exactmetrics_sitenote_note":"","_exactmetrics_sitenote_category":0,"footnotes":""},"categories":[138],"tags":[],"class_list":["post-4895","post","type-post","status-publish","format-standard","has-post-thumbnail","hentry","category-cases-de-sucesso"],"yoast_head":"<!-- This site is optimized with the Yoast SEO plugin v19.4 - https:\/\/yoast.com\/wordpress\/plugins\/seo\/ -->\n<title>Acessibilidade nos Cultos: Quando a Tecnologia Amplia o Alcance do Evangelho - Blog da inChurch<\/title>\n<meta name=\"robots\" content=\"index, follow, max-snippet:-1, max-image-preview:large, max-video-preview:-1\" \/>\n<link rel=\"canonical\" href=\"https:\/\/inchurch.com.br\/blog\/acessibilidade-nos-cultos-quando-a-tecnologia-amplia-o-alcance-do-evangelho\/\" \/>\n<meta property=\"og:locale\" content=\"pt_BR\" \/>\n<meta property=\"og:type\" content=\"article\" \/>\n<meta property=\"og:title\" content=\"Acessibilidade nos Cultos: Quando a Tecnologia Amplia o Alcance do Evangelho - Blog da inChurch\" \/>\n<meta property=\"og:description\" content=\"Vivemos em um tempo de oportunidades \u00fanicas para a Igreja de Cristo, se, por um lado, os desafios da inclus\u00e3o...\" \/>\n<meta property=\"og:url\" content=\"https:\/\/inchurch.com.br\/blog\/acessibilidade-nos-cultos-quando-a-tecnologia-amplia-o-alcance-do-evangelho\/\" \/>\n<meta property=\"og:site_name\" content=\"Blog da inChurch\" \/>\n<meta property=\"article:publisher\" content=\"https:\/\/www.facebook.com\/inchurchapp\" \/>\n<meta property=\"article:published_time\" content=\"2025-10-02T22:14:07+00:00\" \/>\n<meta property=\"article:modified_time\" content=\"2025-10-06T15:29:27+00:00\" \/>\n<meta property=\"og:image\" content=\"https:\/\/inchurch.com.br\/blog\/wp-content\/uploads\/2025\/10\/BLOG-1.png\" \/>\n\t<meta property=\"og:image:width\" content=\"2751\" \/>\n\t<meta property=\"og:image:height\" content=\"1283\" \/>\n\t<meta property=\"og:image:type\" content=\"image\/png\" \/>\n<meta name=\"author\" content=\"Igor Ferreira\" \/>\n<meta name=\"twitter:card\" content=\"summary\" \/>\n<meta name=\"twitter:label1\" content=\"Escrito por\" \/>\n\t<meta name=\"twitter:data1\" content=\"Igor Ferreira\" \/>\n\t<meta name=\"twitter:label2\" content=\"Est. tempo de leitura\" \/>\n\t<meta name=\"twitter:data2\" content=\"5 minutos\" \/>\n<script type=\"application\/ld+json\" class=\"yoast-schema-graph\">{\"@context\":\"https:\/\/schema.org\",\"@graph\":[{\"@type\":\"Organization\",\"@id\":\"https:\/\/inchurch.com.br\/blog\/#organization\",\"name\":\"inChurch\",\"url\":\"https:\/\/inchurch.com.br\/blog\/\",\"sameAs\":[\"https:\/\/www.instagram.com\/inchurchapp\/\",\"https:\/\/www.linkedin.com\/company\/inchurchapp\/\",\"https:\/\/www.youtube.com\/inchurch\",\"https:\/\/www.facebook.com\/inchurchapp\"],\"logo\":{\"@type\":\"ImageObject\",\"inLanguage\":\"pt-BR\",\"@id\":\"https:\/\/inchurch.com.br\/blog\/#\/schema\/logo\/image\/\",\"url\":\"https:\/\/i0.wp.com\/inchurch.com.br\/blog\/wp-content\/uploads\/2017\/01\/inchurch_branca_blog_2.png?fit=162%2C35&ssl=1\",\"contentUrl\":\"https:\/\/i0.wp.com\/inchurch.com.br\/blog\/wp-content\/uploads\/2017\/01\/inchurch_branca_blog_2.png?fit=162%2C35&ssl=1\",\"width\":162,\"height\":35,\"caption\":\"inChurch\"},\"image\":{\"@id\":\"https:\/\/inchurch.com.br\/blog\/#\/schema\/logo\/image\/\"}},{\"@type\":\"WebSite\",\"@id\":\"https:\/\/inchurch.com.br\/blog\/#website\",\"url\":\"https:\/\/inchurch.com.br\/blog\/\",\"name\":\"Blog da inChurch\",\"description\":\"Tudo sobre Comunica\u00e7\u00e3o, Tecnologia e Gest\u00e3o para Igrejas\",\"publisher\":{\"@id\":\"https:\/\/inchurch.com.br\/blog\/#organization\"},\"potentialAction\":[{\"@type\":\"SearchAction\",\"target\":{\"@type\":\"EntryPoint\",\"urlTemplate\":\"https:\/\/inchurch.com.br\/blog\/?s={search_term_string}\"},\"query-input\":\"required name=search_term_string\"}],\"inLanguage\":\"pt-BR\"},{\"@type\":\"WebPage\",\"@id\":\"https:\/\/inchurch.com.br\/blog\/acessibilidade-nos-cultos-quando-a-tecnologia-amplia-o-alcance-do-evangelho\/\",\"url\":\"https:\/\/inchurch.com.br\/blog\/acessibilidade-nos-cultos-quando-a-tecnologia-amplia-o-alcance-do-evangelho\/\",\"name\":\"Acessibilidade nos Cultos: Quando a Tecnologia Amplia o Alcance do Evangelho - Blog da inChurch\",\"isPartOf\":{\"@id\":\"https:\/\/inchurch.com.br\/blog\/#website\"},\"datePublished\":\"2025-10-02T22:14:07+00:00\",\"dateModified\":\"2025-10-06T15:29:27+00:00\",\"breadcrumb\":{\"@id\":\"https:\/\/inchurch.com.br\/blog\/acessibilidade-nos-cultos-quando-a-tecnologia-amplia-o-alcance-do-evangelho\/#breadcrumb\"},\"inLanguage\":\"pt-BR\",\"potentialAction\":[{\"@type\":\"ReadAction\",\"target\":[\"https:\/\/inchurch.com.br\/blog\/acessibilidade-nos-cultos-quando-a-tecnologia-amplia-o-alcance-do-evangelho\/\"]}]},{\"@type\":\"BreadcrumbList\",\"@id\":\"https:\/\/inchurch.com.br\/blog\/acessibilidade-nos-cultos-quando-a-tecnologia-amplia-o-alcance-do-evangelho\/#breadcrumb\",\"itemListElement\":[{\"@type\":\"ListItem\",\"position\":1,\"name\":\"In\u00edcio\",\"item\":\"https:\/\/inchurch.com.br\/blog\/\"},{\"@type\":\"ListItem\",\"position\":2,\"name\":\"Acessibilidade nos Cultos: Quando a Tecnologia Amplia o Alcance do Evangelho\"}]},{\"@type\":\"Article\",\"@id\":\"https:\/\/inchurch.com.br\/blog\/acessibilidade-nos-cultos-quando-a-tecnologia-amplia-o-alcance-do-evangelho\/#article\",\"isPartOf\":{\"@id\":\"https:\/\/inchurch.com.br\/blog\/acessibilidade-nos-cultos-quando-a-tecnologia-amplia-o-alcance-do-evangelho\/\"},\"author\":{\"name\":\"Igor Ferreira\",\"@id\":\"https:\/\/inchurch.com.br\/blog\/#\/schema\/person\/6305cfce60ca11d8d567fba6a0400d52\"},\"headline\":\"Acessibilidade nos Cultos: Quando a Tecnologia Amplia o Alcance do Evangelho\",\"datePublished\":\"2025-10-02T22:14:07+00:00\",\"dateModified\":\"2025-10-06T15:29:27+00:00\",\"mainEntityOfPage\":{\"@id\":\"https:\/\/inchurch.com.br\/blog\/acessibilidade-nos-cultos-quando-a-tecnologia-amplia-o-alcance-do-evangelho\/\"},\"wordCount\":925,\"commentCount\":0,\"publisher\":{\"@id\":\"https:\/\/inchurch.com.br\/blog\/#organization\"},\"articleSection\":[\"Cases de sucesso\"],\"inLanguage\":\"pt-BR\",\"potentialAction\":[{\"@type\":\"CommentAction\",\"name\":\"Comment\",\"target\":[\"https:\/\/inchurch.com.br\/blog\/acessibilidade-nos-cultos-quando-a-tecnologia-amplia-o-alcance-do-evangelho\/#respond\"]}]},{\"@type\":\"Person\",\"@id\":\"https:\/\/inchurch.com.br\/blog\/#\/schema\/person\/6305cfce60ca11d8d567fba6a0400d52\",\"name\":\"Igor Ferreira\",\"image\":{\"@type\":\"ImageObject\",\"inLanguage\":\"pt-BR\",\"@id\":\"https:\/\/inchurch.com.br\/blog\/#\/schema\/person\/image\/\",\"url\":\"https:\/\/secure.gravatar.com\/avatar\/69fa9fa6f971645146081c13d82b66b9?s=96&d=blank&r=g\",\"contentUrl\":\"https:\/\/secure.gravatar.com\/avatar\/69fa9fa6f971645146081c13d82b66b9?s=96&d=blank&r=g\",\"caption\":\"Igor Ferreira\"},\"url\":\"https:\/\/inchurch.com.br\/blog\/author\/igor-ferreira\/\"}]}<\/script>\n<!-- \/ Yoast SEO plugin. -->","yoast_head_json":{"title":"Acessibilidade nos Cultos: Quando a Tecnologia Amplia o Alcance do Evangelho - Blog da inChurch","robots":{"index":"index","follow":"follow","max-snippet":"max-snippet:-1","max-image-preview":"max-image-preview:large","max-video-preview":"max-video-preview:-1"},"canonical":"https:\/\/inchurch.com.br\/blog\/acessibilidade-nos-cultos-quando-a-tecnologia-amplia-o-alcance-do-evangelho\/","og_locale":"pt_BR","og_type":"article","og_title":"Acessibilidade nos Cultos: Quando a Tecnologia Amplia o Alcance do Evangelho - Blog da inChurch","og_description":"Vivemos em um tempo de oportunidades \u00fanicas para a Igreja de Cristo, se, por um lado, os desafios da inclus\u00e3o...","og_url":"https:\/\/inchurch.com.br\/blog\/acessibilidade-nos-cultos-quando-a-tecnologia-amplia-o-alcance-do-evangelho\/","og_site_name":"Blog da inChurch","article_publisher":"https:\/\/www.facebook.com\/inchurchapp","article_published_time":"2025-10-02T22:14:07+00:00","article_modified_time":"2025-10-06T15:29:27+00:00","og_image":[{"width":2751,"height":1283,"url":"https:\/\/inchurch.com.br\/blog\/wp-content\/uploads\/2025\/10\/BLOG-1.png","type":"image\/png"}],"author":"Igor Ferreira","twitter_card":"summary","twitter_misc":{"Escrito por":"Igor Ferreira","Est. tempo de leitura":"5 minutos"},"schema":{"@context":"https:\/\/schema.org","@graph":[{"@type":"Organization","@id":"https:\/\/inchurch.com.br\/blog\/#organization","name":"inChurch","url":"https:\/\/inchurch.com.br\/blog\/","sameAs":["https:\/\/www.instagram.com\/inchurchapp\/","https:\/\/www.linkedin.com\/company\/inchurchapp\/","https:\/\/www.youtube.com\/inchurch","https:\/\/www.facebook.com\/inchurchapp"],"logo":{"@type":"ImageObject","inLanguage":"pt-BR","@id":"https:\/\/inchurch.com.br\/blog\/#\/schema\/logo\/image\/","url":"https:\/\/i0.wp.com\/inchurch.com.br\/blog\/wp-content\/uploads\/2017\/01\/inchurch_branca_blog_2.png?fit=162%2C35&ssl=1","contentUrl":"https:\/\/i0.wp.com\/inchurch.com.br\/blog\/wp-content\/uploads\/2017\/01\/inchurch_branca_blog_2.png?fit=162%2C35&ssl=1","width":162,"height":35,"caption":"inChurch"},"image":{"@id":"https:\/\/inchurch.com.br\/blog\/#\/schema\/logo\/image\/"}},{"@type":"WebSite","@id":"https:\/\/inchurch.com.br\/blog\/#website","url":"https:\/\/inchurch.com.br\/blog\/","name":"Blog da inChurch","description":"Tudo sobre Comunica\u00e7\u00e3o, Tecnologia e Gest\u00e3o para Igrejas","publisher":{"@id":"https:\/\/inchurch.com.br\/blog\/#organization"},"potentialAction":[{"@type":"SearchAction","target":{"@type":"EntryPoint","urlTemplate":"https:\/\/inchurch.com.br\/blog\/?s={search_term_string}"},"query-input":"required name=search_term_string"}],"inLanguage":"pt-BR"},{"@type":"WebPage","@id":"https:\/\/inchurch.com.br\/blog\/acessibilidade-nos-cultos-quando-a-tecnologia-amplia-o-alcance-do-evangelho\/","url":"https:\/\/inchurch.com.br\/blog\/acessibilidade-nos-cultos-quando-a-tecnologia-amplia-o-alcance-do-evangelho\/","name":"Acessibilidade nos Cultos: Quando a Tecnologia Amplia o Alcance do Evangelho - Blog da inChurch","isPartOf":{"@id":"https:\/\/inchurch.com.br\/blog\/#website"},"datePublished":"2025-10-02T22:14:07+00:00","dateModified":"2025-10-06T15:29:27+00:00","breadcrumb":{"@id":"https:\/\/inchurch.com.br\/blog\/acessibilidade-nos-cultos-quando-a-tecnologia-amplia-o-alcance-do-evangelho\/#breadcrumb"},"inLanguage":"pt-BR","potentialAction":[{"@type":"ReadAction","target":["https:\/\/inchurch.com.br\/blog\/acessibilidade-nos-cultos-quando-a-tecnologia-amplia-o-alcance-do-evangelho\/"]}]},{"@type":"BreadcrumbList","@id":"https:\/\/inchurch.com.br\/blog\/acessibilidade-nos-cultos-quando-a-tecnologia-amplia-o-alcance-do-evangelho\/#breadcrumb","itemListElement":[{"@type":"ListItem","position":1,"name":"In\u00edcio","item":"https:\/\/inchurch.com.br\/blog\/"},{"@type":"ListItem","position":2,"name":"Acessibilidade nos Cultos: Quando a Tecnologia Amplia o Alcance do Evangelho"}]},{"@type":"Article","@id":"https:\/\/inchurch.com.br\/blog\/acessibilidade-nos-cultos-quando-a-tecnologia-amplia-o-alcance-do-evangelho\/#article","isPartOf":{"@id":"https:\/\/inchurch.com.br\/blog\/acessibilidade-nos-cultos-quando-a-tecnologia-amplia-o-alcance-do-evangelho\/"},"author":{"name":"Igor Ferreira","@id":"https:\/\/inchurch.com.br\/blog\/#\/schema\/person\/6305cfce60ca11d8d567fba6a0400d52"},"headline":"Acessibilidade nos Cultos: Quando a Tecnologia Amplia o Alcance do Evangelho","datePublished":"2025-10-02T22:14:07+00:00","dateModified":"2025-10-06T15:29:27+00:00","mainEntityOfPage":{"@id":"https:\/\/inchurch.com.br\/blog\/acessibilidade-nos-cultos-quando-a-tecnologia-amplia-o-alcance-do-evangelho\/"},"wordCount":925,"commentCount":0,"publisher":{"@id":"https:\/\/inchurch.com.br\/blog\/#organization"},"articleSection":["Cases de sucesso"],"inLanguage":"pt-BR","potentialAction":[{"@type":"CommentAction","name":"Comment","target":["https:\/\/inchurch.com.br\/blog\/acessibilidade-nos-cultos-quando-a-tecnologia-amplia-o-alcance-do-evangelho\/#respond"]}]},{"@type":"Person","@id":"https:\/\/inchurch.com.br\/blog\/#\/schema\/person\/6305cfce60ca11d8d567fba6a0400d52","name":"Igor Ferreira","image":{"@type":"ImageObject","inLanguage":"pt-BR","@id":"https:\/\/inchurch.com.br\/blog\/#\/schema\/person\/image\/","url":"https:\/\/secure.gravatar.com\/avatar\/69fa9fa6f971645146081c13d82b66b9?s=96&d=blank&r=g","contentUrl":"https:\/\/secure.gravatar.com\/avatar\/69fa9fa6f971645146081c13d82b66b9?s=96&d=blank&r=g","caption":"Igor Ferreira"},"url":"https:\/\/inchurch.com.br\/blog\/author\/igor-ferreira\/"}]}},"jetpack_featured_media_url":"https:\/\/i0.wp.com\/inchurch.com.br\/blog\/wp-content\/uploads\/2025\/10\/BLOG-1.png?fit=2751%2C1283&ssl=1","jetpack_shortlink":"https:\/\/wp.me\/p8gkTP-1gX","jetpack-related-posts":[{"id":4865,"url":"https:\/\/inchurch.com.br\/blog\/inclusao-e-acessibilidade-digital-para-igrejas-como-tornar-sua-igreja-mais-acolhedora-com-ajuda-da-tecnologia\/","url_meta":{"origin":4895,"position":0},"title":"Inclus\u00e3o e Acessibilidade Digital para Igrejas: Como Tornar Sua Igreja Mais Acolhedora com Ajuda da Tecnologia","date":"15 de julho de 2025","format":false,"excerpt":"Quando falamos de inclus\u00e3o na igreja, muitos ainda pensam apenas em rampas, cadeiras adaptadas e acessos f\u00edsicos. Mas, em um mundo cada vez mais conectado, a acessibilidade digital se tornou t\u00e3o urgente quanto a acessibilidade estrutural. Isso significa tornar o ambiente online da igreja acess\u00edvel a todos: membros com defici\u00eancia,\u2026","rel":"","context":"Em &quot;Comunica\u00e7\u00e3o&quot;","img":{"alt_text":"","src":"https:\/\/i0.wp.com\/inchurch.com.br\/blog\/wp-content\/uploads\/2025\/07\/Inclusao-e-Acessibilidade-Digital-para-Igrejas.png?fit=1200%2C560&ssl=1&resize=350%2C200","width":350,"height":200},"classes":[]},{"id":3583,"url":"https:\/\/inchurch.com.br\/blog\/igreja-hibrida-conheca-o-conceito-e-o-papel-da-tecnologia\/","url_meta":{"origin":4895,"position":1},"title":"Igreja h\u00edbrida: conhe\u00e7a o conceito e o papel da tecnologia","date":"6 de janeiro de 2022","format":false,"excerpt":"H\u00e1 apenas duas d\u00e9cadas atr\u00e1s, se voc\u00ea dissesse a uma igreja que eles precisam de um site, seria comum ouvir: \u201cPor que? Todos sabem onde nos encontrar e nossos hor\u00e1rios de atendimento est\u00e3o listados na placa externa. \u201dHoje, \u00e9 um dado. Uma igreja sem site \u00e9 como uma casa sem\u2026","rel":"","context":"Em &quot;Igreja Online&quot;","img":{"alt_text":"Igreja h\u00edbrida conhe\u00e7a o conceito e o papel da tecnologia","src":"https:\/\/i0.wp.com\/inchurch.com.br\/blog\/wp-content\/uploads\/2022\/01\/Igreja-hibrida-conheca-o-conceito-e-o-papel-da-tecnologia.jpeg?fit=1080%2C730&ssl=1&resize=350%2C200","width":350,"height":200},"classes":[]},{"id":3801,"url":"https:\/\/inchurch.com.br\/blog\/como-a-tecnologia-ajuda-na-expansao-da-igreja\/","url_meta":{"origin":4895,"position":2},"title":"Como a tecnologia ajuda na expans\u00e3o da igreja?","date":"6 de julho de 2022","format":false,"excerpt":"A constante evolu\u00e7\u00e3o tecnol\u00f3gica foi o que permitiu acelerar a tradu\u00e7\u00e3o da B\u00edblia para v\u00e1rios idiomas, al\u00e9m de facilitar o processo de distribui\u00e7\u00e3o de exemplares impressos e digitais. Logo, h\u00e1 muito tempo a tecnologia tem ajudado na expans\u00e3o da igreja. Com o uso dela,\u00a0 a igreja passou a poder se\u2026","rel":"","context":"Em &quot;Igreja Online&quot;","img":{"alt_text":"Como a tecnologia ajuda na expans\u00e3o da igreja","src":"https:\/\/i0.wp.com\/inchurch.com.br\/blog\/wp-content\/uploads\/2022\/07\/Como-a-tecnologia-ajuda-na-expansao-da-igreja.png?fit=1080%2C730&ssl=1&resize=350%2C200","width":350,"height":200},"classes":[]},{"id":4787,"url":"https:\/\/inchurch.com.br\/blog\/jesus-esta-online-como-levar-a-palavra-de-deus-para-alem-das-quatro-paredes\/","url_meta":{"origin":4895,"position":3},"title":"Jesus Est\u00e1 Online: Como Levar a Palavra de Deus para Al\u00e9m das Quatro Paredes","date":"21 de maio de 2025","format":false,"excerpt":"Descubra como a sua igreja pode usar a tecnologia para evangelizar no digital sem perder a ess\u00eancia do Evangelho. \u00cdndice: Por que a igreja precisa estar online? Espa\u00e7os digitais como campo mission\u00e1rio Casos de impacto com tecnologia e f\u00e9 O papel da inChurch nessa miss\u00e3o Por que a igreja precisa\u2026","rel":"","context":"Em &quot;Comunica\u00e7\u00e3o&quot;","img":{"alt_text":"","src":"https:\/\/i0.wp.com\/inchurch.com.br\/blog\/wp-content\/uploads\/2025\/05\/IMG-JESUS-ESTA-ONLINE-1200x630-1.png?fit=1200%2C630&ssl=1&resize=350%2C200","width":350,"height":200},"classes":[]},{"id":1258,"url":"https:\/\/inchurch.com.br\/blog\/culto-ao-vivo\/","url_meta":{"origin":4895,"position":4},"title":"A import\u00e2ncia de Transmitir o Culto ao Vivo","date":"27 de agosto de 2020","format":false,"excerpt":"Sabemos que muitas igrejas come\u00e7aram a transmiss\u00e3o online apenas ap\u00f3s o isolamento. Este artigo vai mostrar os fatores mais importantes para que a sua igreja n\u00e3o pare nunca mais de transmitir o culto ao vivo. Confira! Para algumas igrejas, essa mudan\u00e7a de presencial para digital exigiu um esfor\u00e7o bem grande\u2026","rel":"","context":"Em &quot;Comunica\u00e7\u00e3o&quot;","img":{"alt_text":"Membro da igreja assistindo ao culto ao vivo no trabalho","src":"https:\/\/i0.wp.com\/inchurch.com.br\/blog\/wp-content\/uploads\/2020\/08\/27_08_2020.png?fit=1080%2C730&ssl=1&resize=350%2C200","width":350,"height":200},"classes":[]},{"id":3723,"url":"https:\/\/inchurch.com.br\/blog\/qual-a-diferenca-entre-igreja-hibrida-e-igreja-online\/","url_meta":{"origin":4895,"position":5},"title":"Qual a diferen\u00e7a entre igreja h\u00edbrida e igreja online?","date":"14 de abril de 2022","format":false,"excerpt":"Sempre se discutiu muito sobre a Igreja h\u00edbrida, seus pr\u00f3s e contras. Mas, com a chegada da pandemia, a maneira como a igreja enxerga o digital precisou mudar drasticamente, do dia para a noite. N\u00e3o houve muito o que fazer, apesar da tentativa da Igreja em acalmar os \u00e2nimos, instruir\u2026","rel":"","context":"Em &quot;Igreja Online&quot;","img":{"alt_text":"Qual a diferen\u00e7a entre igreja h\u00edbrida e igreja online","src":"https:\/\/i0.wp.com\/inchurch.com.br\/blog\/wp-content\/uploads\/2022\/04\/Qual-a-diferenca-entre-igreja-hibrida-e-igreja-online.png?fit=1080%2C730&ssl=1&resize=350%2C200","width":350,"height":200},"classes":[]}],"_links":{"self":[{"href":"https:\/\/inchurch.com.br\/blog\/wp-json\/wp\/v2\/posts\/4895","targetHints":{"allow":["GET"]}}],"collection":[{"href":"https:\/\/inchurch.com.br\/blog\/wp-json\/wp\/v2\/posts"}],"about":[{"href":"https:\/\/inchurch.com.br\/blog\/wp-json\/wp\/v2\/types\/post"}],"author":[{"embeddable":true,"href":"https:\/\/inchurch.com.br\/blog\/wp-json\/wp\/v2\/users\/13"}],"replies":[{"embeddable":true,"href":"https:\/\/inchurch.com.br\/blog\/wp-json\/wp\/v2\/comments?post=4895"}],"version-history":[{"count":2,"href":"https:\/\/inchurch.com.br\/blog\/wp-json\/wp\/v2\/posts\/4895\/revisions"}],"predecessor-version":[{"id":4897,"href":"https:\/\/inchurch.com.br\/blog\/wp-json\/wp\/v2\/posts\/4895\/revisions\/4897"}],"wp:featuredmedia":[{"embeddable":true,"href":"https:\/\/inchurch.com.br\/blog\/wp-json\/wp\/v2\/media\/4899"}],"wp:attachment":[{"href":"https:\/\/inchurch.com.br\/blog\/wp-json\/wp\/v2\/media?parent=4895"}],"wp:term":[{"taxonomy":"category","embeddable":true,"href":"https:\/\/inchurch.com.br\/blog\/wp-json\/wp\/v2\/categories?post=4895"},{"taxonomy":"post_tag","embeddable":true,"href":"https:\/\/inchurch.com.br\/blog\/wp-json\/wp\/v2\/tags?post=4895"}],"curies":[{"name":"wp","href":"https:\/\/api.w.org\/{rel}","templated":true}]}}