{"id":4750,"date":"2024-06-08T14:20:45","date_gmt":"2024-06-08T14:20:45","guid":{"rendered":"https:\/\/inchurch.com.br\/blog\/?p=4750"},"modified":"2024-06-08T14:20:49","modified_gmt":"2024-06-08T14:20:49","slug":"igreja-presente-quem-ama-cuida-e-quem-cuida-conhece","status":"publish","type":"post","link":"https:\/\/inchurch.com.br\/blog\/igreja-presente-quem-ama-cuida-e-quem-cuida-conhece\/","title":{"rendered":"Igreja Presente: Quem ama, cuida e quem cuida, conhece"},"content":{"rendered":"\n<p>A campanha &#8220;Igreja Presente&#8221; surge como uma resposta a essa necessidade crescente de estabelecer la\u00e7os mais fortes e significativos entre as igrejas e seus fi\u00e9is. S\u00e3o diversos materiais que s\u00e3o disponibilizados gratuitamente e neste artigo, vamos explorar como eles podem facilitar a forma como as igrejas se relacionam com seus membros, oferecendo ferramentas e recursos que prometem expandir o cuidado com as vidas.&nbsp;<\/p>\n\n\n\n<p><strong>Porque o cadastramento e acompanhamento das pessoas \u00e9 importante?<\/strong><\/p>\n\n\n\n<p>Uma igreja presente come\u00e7a pelo cuidado individual com cada membro, visitante e frequentador. Entender suas necessidades, acompanhar seu desenvolvimento espiritual e estar dispon\u00edvel para ajudar s\u00e3o aspectos essenciais desse cuidado. O cadastramento e acompanhamento adequados permitem que a igreja conhe\u00e7a profundamente cada pessoa e possa oferecer suporte e orienta\u00e7\u00e3o de maneira personalizada.<\/p>\n\n\n\n<p><strong>Dados comprovam a import\u00e2ncia de uma comunidade bem cuidada atrav\u00e9s do cadastro e conhecimento<\/strong>.<\/p>\n\n\n\n<ul class=\"wp-block-list\">\n<li><strong>Maior conex\u00e3o:<\/strong> Pesquisas revelam que 72% dos membros cadastrados afirmam sentir-se mais conectados \u00e0 comunidade, demonstrando o impacto positivo do cadastro na constru\u00e7\u00e3o de la\u00e7os mais fortes entre as pessoas.<\/li>\n\n\n\n<li><strong>Maior participa\u00e7\u00e3o:<\/strong> Igrejas que mant\u00eam um alto \u00edndice de cadastro de membros, acima de 80%, experimentaram um aumento significativo na participa\u00e7\u00e3o em grupos de estudo, com um acr\u00e9scimo de 25%, e na taxa de voluntariado, que cresceu 30%.<\/li>\n\n\n\n<li><strong>Necessidades atendidas:<\/strong> O cadastro atualizado possibilitou \u00e0s igrejas um aumento de 60% na capacidade de identificar e atender \u00e0s necessidades individuais dos membros, promovendo um cuidado mais eficaz e personalizado.<\/li>\n\n\n\n<li><strong>Maior coes\u00e3o:<\/strong> Comunidades que priorizam o cadastro de membros vivenciaram um crescimento expressivo na coes\u00e3o entre os membros, com um aumento de 42%, e na percep\u00e7\u00e3o de senso de comunidade, que cresceu 38%.<\/li>\n<\/ul>\n\n\n\n<p><strong>E como voc\u00ea pode fazer isso?<\/strong><\/p>\n\n\n\n<p>A campanha &#8220;Igreja Presente&#8221; da inChurch foi desenvolvida com o objetivo de auxiliar as igrejas nesse processo de cuidado e acompanhamento. Com uma s\u00e9rie de recursos exclusivos, desde manuais de a\u00e7\u00f5es para incentivo de cadastramento at\u00e9 materiais exclusivos para novos convertidos, a campanha oferece ferramentas completas para fortalecer o relacionamento entre a igreja e seus membros.<\/p>\n\n\n\n<p><strong>Tudo que a InChurch preparou para a sua Igreja:<\/strong><\/p>\n\n\n\n<ul class=\"wp-block-list\">\n<li>Manual de a\u00e7\u00f5es para incentivo de cadastramento<\/li>\n\n\n\n<li>Modelo de formul\u00e1rio para Igrejas usarem no cadastramento<\/li>\n\n\n\n<li>Materiais exclusivos para novos convertidos<\/li>\n\n\n\n<li>Sele\u00e7\u00e3o de E-books gratuitos para a membresia<\/li>\n\n\n\n<li>Devocional The Chosen elaborado em parceria com a InChurch<\/li>\n\n\n\n<li>Materiais exclusivos de divulga\u00e7\u00e3o da campanha<\/li>\n<\/ul>\n\n\n\n<p>A campanha &#8220;Igreja Presente&#8221; apresenta recursos que podem mudar a forma como as igrejas lidam com o cuidado e o acompanhamento de seus membros. N\u00e3o perca a oportunidade de tornar sua igreja ainda mais presente na vida de seus membros. Junte-se \u00e0 campanha &#8220;Igreja Presente&#8221; hoje mesmo!<\/p>\n\n\n\n<p><strong>Atrair pessoas \u00e9 importante, cuidar \u00e9 ainda mais!<\/strong><\/p>\n\n\n\n<p>Quer proporcionar uma experi\u00eancia ainda mais acolhedora e cuidadosa para os membros da sua igreja? Acesse agora mesmo a campanha &#8220;Igreja Presente&#8221; da inChurch e tenha acesso a todas as ferramentas e recursos dispon\u00edveis. Clique aqui para saber mais!<\/p>\n","protected":false},"excerpt":{"rendered":"<p>A campanha &#8220;Igreja Presente&#8221; surge como uma resposta a essa necessidade crescente de estabelecer la\u00e7os mais fortes e significativos entre&#8230;<\/p>\n","protected":false},"author":13,"featured_media":3663,"comment_status":"open","ping_status":"open","sticky":false,"template":"","format":"standard","meta":{"_mi_skip_tracking":false,"_exactmetrics_sitenote_active":false,"_exactmetrics_sitenote_note":"","_exactmetrics_sitenote_category":0,"footnotes":""},"categories":[1],"tags":[13,12,228,17,186,223,29,209],"class_list":["post-4750","post","type-post","status-publish","format-standard","has-post-thumbnail","hentry","category-comunicacao-igreja","tag-app","tag-igreja","tag-igreja-presente","tag-inchurch","tag-lgpd","tag-seguranca","tag-tecnologia","tag-vazamento"],"yoast_head":"<!-- This site is optimized with the Yoast SEO plugin v19.4 - https:\/\/yoast.com\/wordpress\/plugins\/seo\/ -->\n<title>Igreja Presente: Quem ama, cuida e quem cuida, conhece - Blog da inChurch<\/title>\n<meta name=\"description\" content=\"A campanha &quot;Igreja Presente&quot; surge como uma resposta a essa necessidade crescente de estabelecer la\u00e7os mais fortes e significativos entre as igrejas e seus fi\u00e9is.\" \/>\n<meta name=\"robots\" content=\"index, follow, max-snippet:-1, max-image-preview:large, max-video-preview:-1\" \/>\n<link rel=\"canonical\" href=\"https:\/\/inchurch.com.br\/blog\/igreja-presente-quem-ama-cuida-e-quem-cuida-conhece\/\" \/>\n<meta property=\"og:locale\" content=\"pt_BR\" \/>\n<meta property=\"og:type\" content=\"article\" \/>\n<meta property=\"og:title\" content=\"Igreja Presente: Quem ama, cuida e quem cuida, conhece - Blog da inChurch\" \/>\n<meta property=\"og:description\" content=\"A campanha &quot;Igreja Presente&quot; surge como uma resposta a essa necessidade crescente de estabelecer la\u00e7os mais fortes e significativos entre as igrejas e seus fi\u00e9is.\" \/>\n<meta property=\"og:url\" content=\"https:\/\/inchurch.com.br\/blog\/igreja-presente-quem-ama-cuida-e-quem-cuida-conhece\/\" \/>\n<meta property=\"og:site_name\" content=\"Blog da inChurch\" \/>\n<meta property=\"article:publisher\" content=\"https:\/\/www.facebook.com\/inchurchapp\" \/>\n<meta property=\"article:published_time\" content=\"2024-06-08T14:20:45+00:00\" \/>\n<meta property=\"article:modified_time\" content=\"2024-06-08T14:20:49+00:00\" \/>\n<meta property=\"og:image\" content=\"https:\/\/inchurch.com.br\/blog\/wp-content\/uploads\/2022\/02\/5-coisas-que-nao-te-contaram-sobre-sistema-para-igrejas-5.jpeg\" \/>\n\t<meta property=\"og:image:width\" content=\"1880\" \/>\n\t<meta property=\"og:image:height\" content=\"1253\" \/>\n\t<meta property=\"og:image:type\" content=\"image\/jpeg\" \/>\n<meta name=\"author\" content=\"Igor Ferreira\" \/>\n<meta name=\"twitter:card\" content=\"summary\" \/>\n<meta name=\"twitter:label1\" content=\"Escrito por\" \/>\n\t<meta name=\"twitter:data1\" content=\"Igor Ferreira\" \/>\n\t<meta name=\"twitter:label2\" content=\"Est. tempo de leitura\" \/>\n\t<meta name=\"twitter:data2\" content=\"2 minutos\" \/>\n<script type=\"application\/ld+json\" class=\"yoast-schema-graph\">{\"@context\":\"https:\/\/schema.org\",\"@graph\":[{\"@type\":\"Organization\",\"@id\":\"https:\/\/inchurch.com.br\/blog\/#organization\",\"name\":\"inChurch\",\"url\":\"https:\/\/inchurch.com.br\/blog\/\",\"sameAs\":[\"https:\/\/www.instagram.com\/inchurchapp\/\",\"https:\/\/www.linkedin.com\/company\/inchurchapp\/\",\"https:\/\/www.youtube.com\/inchurch\",\"https:\/\/www.facebook.com\/inchurchapp\"],\"logo\":{\"@type\":\"ImageObject\",\"inLanguage\":\"pt-BR\",\"@id\":\"https:\/\/inchurch.com.br\/blog\/#\/schema\/logo\/image\/\",\"url\":\"https:\/\/i0.wp.com\/inchurch.com.br\/blog\/wp-content\/uploads\/2017\/01\/inchurch_branca_blog_2.png?fit=162%2C35&ssl=1\",\"contentUrl\":\"https:\/\/i0.wp.com\/inchurch.com.br\/blog\/wp-content\/uploads\/2017\/01\/inchurch_branca_blog_2.png?fit=162%2C35&ssl=1\",\"width\":162,\"height\":35,\"caption\":\"inChurch\"},\"image\":{\"@id\":\"https:\/\/inchurch.com.br\/blog\/#\/schema\/logo\/image\/\"}},{\"@type\":\"WebSite\",\"@id\":\"https:\/\/inchurch.com.br\/blog\/#website\",\"url\":\"https:\/\/inchurch.com.br\/blog\/\",\"name\":\"Blog da inChurch\",\"description\":\"Tudo sobre Comunica\u00e7\u00e3o, Tecnologia e Gest\u00e3o para Igrejas\",\"publisher\":{\"@id\":\"https:\/\/inchurch.com.br\/blog\/#organization\"},\"potentialAction\":[{\"@type\":\"SearchAction\",\"target\":{\"@type\":\"EntryPoint\",\"urlTemplate\":\"https:\/\/inchurch.com.br\/blog\/?s={search_term_string}\"},\"query-input\":\"required name=search_term_string\"}],\"inLanguage\":\"pt-BR\"},{\"@type\":\"WebPage\",\"@id\":\"https:\/\/inchurch.com.br\/blog\/igreja-presente-quem-ama-cuida-e-quem-cuida-conhece\/\",\"url\":\"https:\/\/inchurch.com.br\/blog\/igreja-presente-quem-ama-cuida-e-quem-cuida-conhece\/\",\"name\":\"Igreja Presente: Quem ama, cuida e quem cuida, conhece - Blog da inChurch\",\"isPartOf\":{\"@id\":\"https:\/\/inchurch.com.br\/blog\/#website\"},\"datePublished\":\"2024-06-08T14:20:45+00:00\",\"dateModified\":\"2024-06-08T14:20:49+00:00\",\"description\":\"A campanha \\\"Igreja Presente\\\" surge como uma resposta a essa necessidade crescente de estabelecer la\u00e7os mais fortes e significativos entre as igrejas e seus fi\u00e9is.\",\"breadcrumb\":{\"@id\":\"https:\/\/inchurch.com.br\/blog\/igreja-presente-quem-ama-cuida-e-quem-cuida-conhece\/#breadcrumb\"},\"inLanguage\":\"pt-BR\",\"potentialAction\":[{\"@type\":\"ReadAction\",\"target\":[\"https:\/\/inchurch.com.br\/blog\/igreja-presente-quem-ama-cuida-e-quem-cuida-conhece\/\"]}]},{\"@type\":\"BreadcrumbList\",\"@id\":\"https:\/\/inchurch.com.br\/blog\/igreja-presente-quem-ama-cuida-e-quem-cuida-conhece\/#breadcrumb\",\"itemListElement\":[{\"@type\":\"ListItem\",\"position\":1,\"name\":\"In\u00edcio\",\"item\":\"https:\/\/inchurch.com.br\/blog\/\"},{\"@type\":\"ListItem\",\"position\":2,\"name\":\"Igreja Presente: Quem ama, cuida e quem cuida, conhece\"}]},{\"@type\":\"Article\",\"@id\":\"https:\/\/inchurch.com.br\/blog\/igreja-presente-quem-ama-cuida-e-quem-cuida-conhece\/#article\",\"isPartOf\":{\"@id\":\"https:\/\/inchurch.com.br\/blog\/igreja-presente-quem-ama-cuida-e-quem-cuida-conhece\/\"},\"author\":{\"name\":\"Igor Ferreira\",\"@id\":\"https:\/\/inchurch.com.br\/blog\/#\/schema\/person\/6305cfce60ca11d8d567fba6a0400d52\"},\"headline\":\"Igreja Presente: Quem ama, cuida e quem cuida, conhece\",\"datePublished\":\"2024-06-08T14:20:45+00:00\",\"dateModified\":\"2024-06-08T14:20:49+00:00\",\"mainEntityOfPage\":{\"@id\":\"https:\/\/inchurch.com.br\/blog\/igreja-presente-quem-ama-cuida-e-quem-cuida-conhece\/\"},\"wordCount\":504,\"commentCount\":0,\"publisher\":{\"@id\":\"https:\/\/inchurch.com.br\/blog\/#organization\"},\"keywords\":[\"App\",\"igreja\",\"igreja presente\",\"inchurch\",\"lgpd\",\"seguran\u00e7a\",\"Tecnologia\",\"vazamento\"],\"articleSection\":[\"Comunica\u00e7\u00e3o\"],\"inLanguage\":\"pt-BR\",\"potentialAction\":[{\"@type\":\"CommentAction\",\"name\":\"Comment\",\"target\":[\"https:\/\/inchurch.com.br\/blog\/igreja-presente-quem-ama-cuida-e-quem-cuida-conhece\/#respond\"]}]},{\"@type\":\"Person\",\"@id\":\"https:\/\/inchurch.com.br\/blog\/#\/schema\/person\/6305cfce60ca11d8d567fba6a0400d52\",\"name\":\"Igor Ferreira\",\"image\":{\"@type\":\"ImageObject\",\"inLanguage\":\"pt-BR\",\"@id\":\"https:\/\/inchurch.com.br\/blog\/#\/schema\/person\/image\/\",\"url\":\"https:\/\/secure.gravatar.com\/avatar\/69fa9fa6f971645146081c13d82b66b9?s=96&d=blank&r=g\",\"contentUrl\":\"https:\/\/secure.gravatar.com\/avatar\/69fa9fa6f971645146081c13d82b66b9?s=96&d=blank&r=g\",\"caption\":\"Igor Ferreira\"},\"url\":\"https:\/\/inchurch.com.br\/blog\/author\/igor-ferreira\/\"}]}<\/script>\n<!-- \/ Yoast SEO plugin. -->","yoast_head_json":{"title":"Igreja Presente: Quem ama, cuida e quem cuida, conhece - Blog da inChurch","description":"A campanha \"Igreja Presente\" surge como uma resposta a essa necessidade crescente de estabelecer la\u00e7os mais fortes e significativos entre as igrejas e seus fi\u00e9is.","robots":{"index":"index","follow":"follow","max-snippet":"max-snippet:-1","max-image-preview":"max-image-preview:large","max-video-preview":"max-video-preview:-1"},"canonical":"https:\/\/inchurch.com.br\/blog\/igreja-presente-quem-ama-cuida-e-quem-cuida-conhece\/","og_locale":"pt_BR","og_type":"article","og_title":"Igreja Presente: Quem ama, cuida e quem cuida, conhece - Blog da inChurch","og_description":"A campanha \"Igreja Presente\" surge como uma resposta a essa necessidade crescente de estabelecer la\u00e7os mais fortes e significativos entre as igrejas e seus fi\u00e9is.","og_url":"https:\/\/inchurch.com.br\/blog\/igreja-presente-quem-ama-cuida-e-quem-cuida-conhece\/","og_site_name":"Blog da inChurch","article_publisher":"https:\/\/www.facebook.com\/inchurchapp","article_published_time":"2024-06-08T14:20:45+00:00","article_modified_time":"2024-06-08T14:20:49+00:00","og_image":[{"width":1880,"height":1253,"url":"https:\/\/inchurch.com.br\/blog\/wp-content\/uploads\/2022\/02\/5-coisas-que-nao-te-contaram-sobre-sistema-para-igrejas-5.jpeg","type":"image\/jpeg"}],"author":"Igor Ferreira","twitter_card":"summary","twitter_misc":{"Escrito por":"Igor Ferreira","Est. tempo de leitura":"2 minutos"},"schema":{"@context":"https:\/\/schema.org","@graph":[{"@type":"Organization","@id":"https:\/\/inchurch.com.br\/blog\/#organization","name":"inChurch","url":"https:\/\/inchurch.com.br\/blog\/","sameAs":["https:\/\/www.instagram.com\/inchurchapp\/","https:\/\/www.linkedin.com\/company\/inchurchapp\/","https:\/\/www.youtube.com\/inchurch","https:\/\/www.facebook.com\/inchurchapp"],"logo":{"@type":"ImageObject","inLanguage":"pt-BR","@id":"https:\/\/inchurch.com.br\/blog\/#\/schema\/logo\/image\/","url":"https:\/\/i0.wp.com\/inchurch.com.br\/blog\/wp-content\/uploads\/2017\/01\/inchurch_branca_blog_2.png?fit=162%2C35&ssl=1","contentUrl":"https:\/\/i0.wp.com\/inchurch.com.br\/blog\/wp-content\/uploads\/2017\/01\/inchurch_branca_blog_2.png?fit=162%2C35&ssl=1","width":162,"height":35,"caption":"inChurch"},"image":{"@id":"https:\/\/inchurch.com.br\/blog\/#\/schema\/logo\/image\/"}},{"@type":"WebSite","@id":"https:\/\/inchurch.com.br\/blog\/#website","url":"https:\/\/inchurch.com.br\/blog\/","name":"Blog da inChurch","description":"Tudo sobre Comunica\u00e7\u00e3o, Tecnologia e Gest\u00e3o para Igrejas","publisher":{"@id":"https:\/\/inchurch.com.br\/blog\/#organization"},"potentialAction":[{"@type":"SearchAction","target":{"@type":"EntryPoint","urlTemplate":"https:\/\/inchurch.com.br\/blog\/?s={search_term_string}"},"query-input":"required name=search_term_string"}],"inLanguage":"pt-BR"},{"@type":"WebPage","@id":"https:\/\/inchurch.com.br\/blog\/igreja-presente-quem-ama-cuida-e-quem-cuida-conhece\/","url":"https:\/\/inchurch.com.br\/blog\/igreja-presente-quem-ama-cuida-e-quem-cuida-conhece\/","name":"Igreja Presente: Quem ama, cuida e quem cuida, conhece - Blog da inChurch","isPartOf":{"@id":"https:\/\/inchurch.com.br\/blog\/#website"},"datePublished":"2024-06-08T14:20:45+00:00","dateModified":"2024-06-08T14:20:49+00:00","description":"A campanha \"Igreja Presente\" surge como uma resposta a essa necessidade crescente de estabelecer la\u00e7os mais fortes e significativos entre as igrejas e seus fi\u00e9is.","breadcrumb":{"@id":"https:\/\/inchurch.com.br\/blog\/igreja-presente-quem-ama-cuida-e-quem-cuida-conhece\/#breadcrumb"},"inLanguage":"pt-BR","potentialAction":[{"@type":"ReadAction","target":["https:\/\/inchurch.com.br\/blog\/igreja-presente-quem-ama-cuida-e-quem-cuida-conhece\/"]}]},{"@type":"BreadcrumbList","@id":"https:\/\/inchurch.com.br\/blog\/igreja-presente-quem-ama-cuida-e-quem-cuida-conhece\/#breadcrumb","itemListElement":[{"@type":"ListItem","position":1,"name":"In\u00edcio","item":"https:\/\/inchurch.com.br\/blog\/"},{"@type":"ListItem","position":2,"name":"Igreja Presente: Quem ama, cuida e quem cuida, conhece"}]},{"@type":"Article","@id":"https:\/\/inchurch.com.br\/blog\/igreja-presente-quem-ama-cuida-e-quem-cuida-conhece\/#article","isPartOf":{"@id":"https:\/\/inchurch.com.br\/blog\/igreja-presente-quem-ama-cuida-e-quem-cuida-conhece\/"},"author":{"name":"Igor Ferreira","@id":"https:\/\/inchurch.com.br\/blog\/#\/schema\/person\/6305cfce60ca11d8d567fba6a0400d52"},"headline":"Igreja Presente: Quem ama, cuida e quem cuida, conhece","datePublished":"2024-06-08T14:20:45+00:00","dateModified":"2024-06-08T14:20:49+00:00","mainEntityOfPage":{"@id":"https:\/\/inchurch.com.br\/blog\/igreja-presente-quem-ama-cuida-e-quem-cuida-conhece\/"},"wordCount":504,"commentCount":0,"publisher":{"@id":"https:\/\/inchurch.com.br\/blog\/#organization"},"keywords":["App","igreja","igreja presente","inchurch","lgpd","seguran\u00e7a","Tecnologia","vazamento"],"articleSection":["Comunica\u00e7\u00e3o"],"inLanguage":"pt-BR","potentialAction":[{"@type":"CommentAction","name":"Comment","target":["https:\/\/inchurch.com.br\/blog\/igreja-presente-quem-ama-cuida-e-quem-cuida-conhece\/#respond"]}]},{"@type":"Person","@id":"https:\/\/inchurch.com.br\/blog\/#\/schema\/person\/6305cfce60ca11d8d567fba6a0400d52","name":"Igor Ferreira","image":{"@type":"ImageObject","inLanguage":"pt-BR","@id":"https:\/\/inchurch.com.br\/blog\/#\/schema\/person\/image\/","url":"https:\/\/secure.gravatar.com\/avatar\/69fa9fa6f971645146081c13d82b66b9?s=96&d=blank&r=g","contentUrl":"https:\/\/secure.gravatar.com\/avatar\/69fa9fa6f971645146081c13d82b66b9?s=96&d=blank&r=g","caption":"Igor Ferreira"},"url":"https:\/\/inchurch.com.br\/blog\/author\/igor-ferreira\/"}]}},"jetpack_featured_media_url":"https:\/\/i0.wp.com\/inchurch.com.br\/blog\/wp-content\/uploads\/2022\/02\/5-coisas-que-nao-te-contaram-sobre-sistema-para-igrejas-5.jpeg?fit=1880%2C1253&ssl=1","jetpack_shortlink":"https:\/\/wp.me\/p8gkTP-1eC","jetpack-related-posts":[{"id":4776,"url":"https:\/\/inchurch.com.br\/blog\/como-a-church-tech-expo-2025-pode-ser-um-ponto-de-virada-para-o-futuro-da-sua-igreja\/","url_meta":{"origin":4750,"position":0},"title":"Como a Church Tech Expo 2025 Pode Ser Um Ponto de Virada Para o Futuro da Sua Igreja","date":"16 de maio de 2025","format":false,"excerpt":"Introdu\u00e7\u00e3o Vivemos em um tempo onde as igrejas enfrentam desafios in\u00e9ditos. N\u00e3o basta mais apenas reunir pessoas nos templos \u2014 \u00e9 preciso se reinventar continuamente para alcan\u00e7ar, cuidar e capacitar cada pessoa que passa pelas portas da igreja. Em meio a esse contexto din\u00e2mico, surge a Church Tech Expo 2025,\u2026","rel":"","context":"Em &quot;Eventos inChurch&quot;","img":{"alt_text":"","src":"https:\/\/i0.wp.com\/inchurch.com.br\/blog\/wp-content\/uploads\/2025\/05\/Church-Expo-Tech-25.1.png?fit=1132%2C487&ssl=1&resize=350%2C200","width":350,"height":200},"classes":[]},{"id":3801,"url":"https:\/\/inchurch.com.br\/blog\/como-a-tecnologia-ajuda-na-expansao-da-igreja\/","url_meta":{"origin":4750,"position":1},"title":"Como a tecnologia ajuda na expans\u00e3o da igreja?","date":"6 de julho de 2022","format":false,"excerpt":"A constante evolu\u00e7\u00e3o tecnol\u00f3gica foi o que permitiu acelerar a tradu\u00e7\u00e3o da B\u00edblia para v\u00e1rios idiomas, al\u00e9m de facilitar o processo de distribui\u00e7\u00e3o de exemplares impressos e digitais. Logo, h\u00e1 muito tempo a tecnologia tem ajudado na expans\u00e3o da igreja. Com o uso dela,\u00a0 a igreja passou a poder se\u2026","rel":"","context":"Em &quot;Igreja Online&quot;","img":{"alt_text":"Como a tecnologia ajuda na expans\u00e3o da igreja","src":"https:\/\/i0.wp.com\/inchurch.com.br\/blog\/wp-content\/uploads\/2022\/07\/Como-a-tecnologia-ajuda-na-expansao-da-igreja.png?fit=1080%2C730&ssl=1&resize=350%2C200","width":350,"height":200},"classes":[]},{"id":4996,"url":"https:\/\/inchurch.com.br\/blog\/seus-dons-tecnicos-podem-servir-ao-reino-e-voce-nem-sabia-disso\/","url_meta":{"origin":4750,"position":2},"title":"Seus Dons T\u00e9cnicos Podem Servir ao Reino (E Voc\u00ea Nem Sabia Disso)","date":"18 de dezembro de 2025","format":false,"excerpt":"Se voc\u00ea trabalha com tecnologia, design ou produto, provavelmente j\u00e1 se perguntou: como o que eu fa\u00e7o profissionalmente pode auxiliar a manifesta\u00e7\u00e3o do Reino de Deus aqui nesta terra?A resposta pode ser mais simples \u2014 e mais poderosa \u2014 do que voc\u00ea imagina.O gap entre habilidade t\u00e9cnica e servi\u00e7o ministerialDurante\u2026","rel":"","context":"Em &quot;Gest\u00e3o de igrejas&quot;","img":{"alt_text":"","src":"https:\/\/i0.wp.com\/inchurch.com.br\/blog\/wp-content\/uploads\/2025\/12\/Agrupar-25.png?fit=1200%2C560&ssl=1&resize=350%2C200","width":350,"height":200},"classes":[]},{"id":906,"url":"https:\/\/inchurch.com.br\/blog\/considere-fazer-gestao-de-pessoas-e-jornadas\/","url_meta":{"origin":4750,"position":3},"title":"Considere fazer gest\u00e3o de pessoas e jornadas","date":"9 de mar\u00e7o de 2020","format":false,"excerpt":"O crescimento das igrejas, globalmente, tem apresentado um desafio crescente para l\u00edderes ao redor do mundo. Gerir pessoas de forma eficiente, entregando possibilidades de conte\u00fado, cuidado e acompanhamento pastoral tem se tornado uma grande preocupa\u00e7\u00e3o quando a comunidade entende que a jornada de f\u00e9 de seus membros precisa ser monitorada\u2026","rel":"","context":"Em &quot;Comunica\u00e7\u00e3o&quot;","img":{"alt_text":"","src":"https:\/\/i0.wp.com\/inchurch.com.br\/blog\/wp-content\/uploads\/2020\/03\/Gestao_celulas.png?fit=1080%2C1080&ssl=1&resize=350%2C200","width":350,"height":200},"classes":[]},{"id":5008,"url":"https:\/\/inchurch.com.br\/blog\/por-que-organizar-os-dados-dos-seus-membros-e-fundamental-para-o-crescimento-da-igreja\/","url_meta":{"origin":4750,"position":4},"title":"Por que organizar os dados dos seus membros \u00e9 fundamental para o crescimento da igreja","date":"9 de dezembro de 2025","format":false,"excerpt":"Toda igreja em crescimento enfrenta o mesmo desafio: como manter o cuidado pastoral personalizado quando o n\u00famero de pessoas aumenta? A resposta est\u00e1 na estrutura. E estrutura come\u00e7a com organiza\u00e7\u00e3o de informa\u00e7\u00f5es.O dilema do crescimentoQuando uma igreja tem 50, 80, at\u00e9 100 membros, \u00e9 poss\u00edvel que os l\u00edderes conhe\u00e7am cada\u2026","rel":"","context":"Em &quot;Gest\u00e3o de igrejas&quot;","img":{"alt_text":"","src":"https:\/\/i0.wp.com\/inchurch.com.br\/blog\/wp-content\/uploads\/2025\/12\/Agrupar-21.png?fit=1200%2C560&ssl=1&resize=350%2C200","width":350,"height":200},"classes":[]},{"id":5017,"url":"https:\/\/inchurch.com.br\/blog\/sistema-de-gestao-para-igrejas-por-que-a-inchurch-e-a-escolha\/","url_meta":{"origin":4750,"position":5},"title":"Sistema de Gest\u00e3o para Igrejas: por que a inChurch \u00e9 a escolha de quem quer crescer com prop\u00f3sito?","date":"27 de janeiro de 2026","format":false,"excerpt":"A decis\u00e3o que define o futuro da sua igreja Imagine investir meses na implementa\u00e7\u00e3o de um sistema de gest\u00e3o para, s\u00f3 depois, perceber que ele n\u00e3o integra doa\u00e7\u00f5es, exige ferramentas externas para eventos, limita a comunica\u00e7\u00e3o ou n\u00e3o acompanha o crescimento da igreja. Infelizmente, essa ainda \u00e9 a realidade de\u2026","rel":"","context":"Em &quot;Gest\u00e3o de igrejas&quot;","img":{"alt_text":"","src":"https:\/\/i0.wp.com\/inchurch.com.br\/blog\/wp-content\/uploads\/2026\/01\/Capa-Blog-Comparativo_1-V2.png?fit=1200%2C670&ssl=1&resize=350%2C200","width":350,"height":200},"classes":[]}],"_links":{"self":[{"href":"https:\/\/inchurch.com.br\/blog\/wp-json\/wp\/v2\/posts\/4750","targetHints":{"allow":["GET"]}}],"collection":[{"href":"https:\/\/inchurch.com.br\/blog\/wp-json\/wp\/v2\/posts"}],"about":[{"href":"https:\/\/inchurch.com.br\/blog\/wp-json\/wp\/v2\/types\/post"}],"author":[{"embeddable":true,"href":"https:\/\/inchurch.com.br\/blog\/wp-json\/wp\/v2\/users\/13"}],"replies":[{"embeddable":true,"href":"https:\/\/inchurch.com.br\/blog\/wp-json\/wp\/v2\/comments?post=4750"}],"version-history":[{"count":1,"href":"https:\/\/inchurch.com.br\/blog\/wp-json\/wp\/v2\/posts\/4750\/revisions"}],"predecessor-version":[{"id":4751,"href":"https:\/\/inchurch.com.br\/blog\/wp-json\/wp\/v2\/posts\/4750\/revisions\/4751"}],"wp:featuredmedia":[{"embeddable":true,"href":"https:\/\/inchurch.com.br\/blog\/wp-json\/wp\/v2\/media\/3663"}],"wp:attachment":[{"href":"https:\/\/inchurch.com.br\/blog\/wp-json\/wp\/v2\/media?parent=4750"}],"wp:term":[{"taxonomy":"category","embeddable":true,"href":"https:\/\/inchurch.com.br\/blog\/wp-json\/wp\/v2\/categories?post=4750"},{"taxonomy":"post_tag","embeddable":true,"href":"https:\/\/inchurch.com.br\/blog\/wp-json\/wp\/v2\/tags?post=4750"}],"curies":[{"name":"wp","href":"https:\/\/api.w.org\/{rel}","templated":true}]}}