{"id":3743,"date":"2022-05-05T21:25:44","date_gmt":"2022-05-05T21:25:44","guid":{"rendered":"https:\/\/inchurch.com.br\/blog\/?p=3743"},"modified":"2022-05-05T21:25:46","modified_gmt":"2022-05-05T21:25:46","slug":"a-importancia-das-redes-sociais-para-igrejas","status":"publish","type":"post","link":"https:\/\/inchurch.com.br\/blog\/a-importancia-das-redes-sociais-para-igrejas\/","title":{"rendered":"A import\u00e2ncia das redes sociais para igrejas"},"content":{"rendered":"\n<p>De acordo com a pesquisa da ag\u00eancia <a href=\"https:\/\/www.emarketer.com\/\">eMarketer<\/a>, o Brasil \u00e9 o pa\u00eds com mais usu\u00e1rios de m\u00eddias sociais da Am\u00e9rica Latina, com um total de 93,2 milh\u00f5es. Considerando que atualmente a popula\u00e7\u00e3o do Brasil est\u00e1 estimada em 207,6 milh\u00f5es, estamos falando de cerca de 45% de brasileiros conectados nas redes sociais.&nbsp;<\/p>\n\n\n\n<p>Nosso papel, como igreja, \u00e9 estar estrategicamente onde as pessoas precisam ser alcan\u00e7adas. Hoje, as redes sociais para as igrejas \u00e9 o \u00fanico ambiente no qual \u00e9 poss\u00edvel com um clique alcan\u00e7ar milhares de pessoas ao mesmo tempo.<\/p>\n\n\n\n<p>Jesus disse que far\u00edamos obras maiores que ele e a internet tornou-se uma ferramenta para cumprir o legado que Ele nos deixou: proclamar as boas novas aos quatro cantos do mundo, rompendo as paredes do templo.<\/p>\n\n\n\n<p>Por isso, nas pr\u00f3ximas linhas, vamos explicar qual a import\u00e2ncia e como sua igreja pode usar as redes sociais para alcan\u00e7ar mais vidas.<\/p>\n\n\n\n<h2 class=\"wp-block-heading\"><strong>Qual a import\u00e2ncia das redes sociais para igrejas?<\/strong><\/h2>\n\n\n\n<p>A forma de conex\u00e3o hoje em dia \u00e9 diferente daquela de dez anos atr\u00e1s e o mais importante agora \u00e9 discernir essa esta\u00e7\u00e3o e agir de forma estrat\u00e9gica para o avan\u00e7o do Reino de Deus. A miss\u00e3o da igreja por si s\u00f3 j\u00e1 revela pontos muito importantes que podem ser comunicados: valores, vis\u00e3o, causas, amor, consolo.&nbsp;<\/p>\n\n\n\n<p>Mas, fazer isso de forma estrat\u00e9gica a alcan\u00e7ar mais vidas na internet e se adequar \u00e0s diversas plataformas dispon\u00edveis. Entre elas, as redes sociais (Facebook, Linkedin), ou nas nas&nbsp; plataformas de compartilhamento de conte\u00fados (Youtube, Instagram) pode se tornar um grande e constante desafio.<\/p>\n\n\n\n<p>Existem diversas formas de utilizarmos a for\u00e7a de alcance das redes sociais para espalharmos uma mensagem. Por isso, para que o minist\u00e9rio tenha sucesso usando-as \u00e9 necess\u00e1rio que ele esteja atento a alguns pontos.<\/p>\n\n\n\n<h2 class=\"wp-block-heading\"><strong>Como usar as redes sociais para igrejas?<\/strong><\/h2>\n\n\n\n<h3 class=\"wp-block-heading\">1. <strong>Pesquise as boas pr\u00e1ticas<\/strong><\/h3>\n\n\n\n<p>Antes de qualquer coisa, o minist\u00e9rio precisa entender como trabalhar com as redes sociais. Pesquise exemplos de p\u00e1ginas que se comuniquem com a identidade da igreja. Entenda a linguagem e as caracter\u00edsticas das plataformas que o minist\u00e9rio decidir usar.<\/p>\n\n\n\n<p>Observe os padr\u00f5es, a qualidade das imagens e principalmente a criatividade com igrejas que j\u00e1 tem trabalhado com o ambiente online h\u00e1 mais tempo e, com isso, alcan\u00e7ado o mundo todo.<\/p>\n\n\n\n<h3 class=\"wp-block-heading\">2. <strong>Defina um objetivo<\/strong><\/h3>\n\n\n\n<p>A primeira coisa a fazer \u00e9 desenvolver um objetivo que a igreja&nbsp; deseja alcan\u00e7ar com suas postagens (espalhar uma vis\u00e3o, divulgar um evento, mobilizar pessoas etc). Com isso esclarecido, fica f\u00e1cil n\u00e3o sair do foco, pois todo o conte\u00fado que a igreja produzir dever\u00e1 ser constru\u00eddo em volta desse objetivo. Do contr\u00e1rio, fica f\u00e1cil se perder no caminho.<\/p>\n\n\n\n<h3 class=\"wp-block-heading\"><strong>3. Identifique o p\u00fablico-alvo&nbsp;<\/strong><\/h3>\n\n\n\n<p>Saber com quem a igreja est\u00e1 se comunicando \u00e9 um primeiro passo para uma <a href=\"https:\/\/inchurch.com.br\/blog\/erros-mais-cometidos-na-comunicacao-da-sua-igreja\/\">comunica\u00e7\u00e3o eficiente<\/a>. Voc\u00ea quer dar avisos, mobilizar sua igreja ou levar uma mensagem para os que ainda n\u00e3o pertencem ao povo de Deus?<\/p>\n\n\n\n<p>Identificar seu p\u00fablico estar\u00e1 totalmente ligado a o que e como o minist\u00e9rio ir\u00e1 se comunicar. Por isso, entenda qual o p\u00fablico com quem a igreja se comunica hoje.<\/p>\n\n\n\n<h3 class=\"wp-block-heading\">4. <strong>Escolha a mensagem a comunicar<\/strong><\/h3>\n\n\n\n<p>Agora que a igreja sabe com quem est\u00e1 falando, \u00e9 hora de definir o que vai comunicar. Assim, se o minist\u00e9rio optou por falar aos participantes da igreja, avisos, exorta\u00e7\u00f5es, medita\u00e7\u00f5es ser\u00e3o o foco.&nbsp;<\/p>\n\n\n\n<p>No caso contr\u00e1rio do p\u00fablico ser pessoas que ainda est\u00e3o longe do Evangelho, ent\u00e3o convites, desafios, evangelismo dever\u00e3o ocupar a comunica\u00e7\u00e3o. Ainda assim, esses conte\u00fados podem se modificar e ganhar novos direcionamentos. Isso acontece conforme o p\u00fablico se aproxima da igreja e desenvolve uma comunh\u00e3o com Cristo.<\/p>\n\n\n\n<h3 class=\"wp-block-heading\"><strong>5. Escolha a rede ou m\u00eddia social certa<\/strong><\/h3>\n\n\n\n<p>\u00c9 preciso selecionar o canal espec\u00edfico para cada p\u00fablico. Isso pela simples raz\u00e3o de que cada gera\u00e7\u00e3o usa mais uma determinada rede social do que outra para se comunicar.&nbsp;<\/p>\n\n\n\n<p>Por isso, lembre-se que algumas redes e m\u00eddias s\u00e3o preferidas das mulheres. J\u00e1 outras dos mais velhos, e assim por diante. Como j\u00e1 definimos com quem o minist\u00e9rio quer se comunicar, agora \u00e9 hora de se fazer presente nos ambientes nos quais seu p\u00fablico est\u00e1 presente.<\/p>\n\n\n\n<h3 class=\"wp-block-heading\">6. Monitore os resultados<\/h3>\n\n\n\n<p>Feito isso, agora \u00e9 monitorar! Faz parte da estrat\u00e9gia monitorar os resultados. O Facebook Analytics, por exemplo, \u00e9 uma \u00f3tima ferramenta para come\u00e7ar, l\u00e1 voc\u00ea vai descobrir quais as postagens mais curtidas e compartilhadas, quais cidades e pa\u00edses viram suas postagens, entre muitas coisas.<\/p>\n\n\n\n<p>Mas, lembre-se, concentrar sua estrat\u00e9gia de comunica\u00e7\u00e3o apenas nas redes sociais, a igreja precisar\u00e1 disputar a aten\u00e7\u00e3o do p\u00fablico com uma s\u00e9rie de outros perfis, enfrentar\u00e1 dificuldades para estabelecer uma comunica\u00e7\u00e3o sem ru\u00eddos, n\u00e3o conseguir\u00e1 ter autonomia sobre a distribui\u00e7\u00e3o de conte\u00fado e ainda poder\u00e1 ser prejudicada se a plataforma sair do ar. Isso acontece porque as redes sociais pertencem a grandes empresas, e n\u00e3o \u00e0 igreja.<\/p>\n\n\n\n<p>Diferente das redes sociais, os canais de comunica\u00e7\u00e3o pr\u00f3prios permitem total controle sobre a distribui\u00e7\u00e3o do conte\u00fado (como e a quem ele \u00e9 entregue). Isso significa que a igreja n\u00e3o precisa se preocupar com fatores externos, como mudan\u00e7as no algoritmo das redes sociais e instabilidades no servidor dessas plataformas.<\/p>\n\n\n\n<p>Gostou do artigo? <a href=\"http:\/\/inchurch.com.br\/newsletter\">Inscreva-se em nossa newsletter<\/a> para receber esse e outros conte\u00fados direto na sua caixa de e-mails.<\/p>\n","protected":false},"excerpt":{"rendered":"<p>De acordo com a pesquisa da ag\u00eancia eMarketer, o Brasil \u00e9 o pa\u00eds com mais usu\u00e1rios de m\u00eddias sociais da&#8230;<\/p>\n","protected":false},"author":13,"featured_media":3745,"comment_status":"open","ping_status":"open","sticky":false,"template":"","format":"standard","meta":{"_mi_skip_tracking":false,"_exactmetrics_sitenote_active":false,"_exactmetrics_sitenote_note":"","_exactmetrics_sitenote_category":0,"footnotes":""},"categories":[1],"tags":[],"class_list":["post-3743","post","type-post","status-publish","format-standard","has-post-thumbnail","hentry","category-comunicacao-igreja"],"yoast_head":"<!-- This site is optimized with the Yoast SEO plugin v19.4 - https:\/\/yoast.com\/wordpress\/plugins\/seo\/ -->\n<title>A import\u00e2ncia das redes sociais para igrejas - Blog da inChurch<\/title>\n<meta name=\"description\" content=\"Hoje, as redes sociais para igrejas \u00e9 o \u00fanico ambiente no qual com um clique \u00e9 poss\u00edvel alcan\u00e7ar milhares de pessoas ao mesmo tempo.\" \/>\n<meta name=\"robots\" content=\"index, follow, max-snippet:-1, max-image-preview:large, max-video-preview:-1\" \/>\n<link rel=\"canonical\" href=\"https:\/\/inchurch.com.br\/blog\/a-importancia-das-redes-sociais-para-igrejas\/\" \/>\n<meta property=\"og:locale\" content=\"pt_BR\" \/>\n<meta property=\"og:type\" content=\"article\" \/>\n<meta property=\"og:title\" content=\"A import\u00e2ncia das redes sociais para igrejas - Blog da inChurch\" \/>\n<meta property=\"og:description\" content=\"Hoje, as redes sociais para igrejas \u00e9 o \u00fanico ambiente no qual com um clique \u00e9 poss\u00edvel alcan\u00e7ar milhares de pessoas ao mesmo tempo.\" \/>\n<meta property=\"og:url\" content=\"https:\/\/inchurch.com.br\/blog\/a-importancia-das-redes-sociais-para-igrejas\/\" \/>\n<meta property=\"og:site_name\" content=\"Blog da inChurch\" \/>\n<meta property=\"article:publisher\" content=\"https:\/\/www.facebook.com\/inchurchapp\" \/>\n<meta property=\"article:published_time\" content=\"2022-05-05T21:25:44+00:00\" \/>\n<meta property=\"article:modified_time\" content=\"2022-05-05T21:25:46+00:00\" \/>\n<meta property=\"og:image\" content=\"https:\/\/inchurch.com.br\/blog\/wp-content\/uploads\/2022\/05\/A-importancia-das-redes-sociais-para-igrejas.png\" \/>\n\t<meta property=\"og:image:width\" content=\"1080\" \/>\n\t<meta property=\"og:image:height\" content=\"730\" \/>\n\t<meta property=\"og:image:type\" content=\"image\/png\" \/>\n<meta name=\"author\" content=\"Igor Ferreira\" \/>\n<meta name=\"twitter:card\" content=\"summary\" \/>\n<meta name=\"twitter:label1\" content=\"Escrito por\" \/>\n\t<meta name=\"twitter:data1\" content=\"Igor Ferreira\" \/>\n\t<meta name=\"twitter:label2\" content=\"Est. tempo de leitura\" \/>\n\t<meta name=\"twitter:data2\" content=\"5 minutos\" \/>\n<script type=\"application\/ld+json\" class=\"yoast-schema-graph\">{\"@context\":\"https:\/\/schema.org\",\"@graph\":[{\"@type\":\"Organization\",\"@id\":\"https:\/\/inchurch.com.br\/blog\/#organization\",\"name\":\"inChurch\",\"url\":\"https:\/\/inchurch.com.br\/blog\/\",\"sameAs\":[\"https:\/\/www.instagram.com\/inchurchapp\/\",\"https:\/\/www.linkedin.com\/company\/inchurchapp\/\",\"https:\/\/www.youtube.com\/inchurch\",\"https:\/\/www.facebook.com\/inchurchapp\"],\"logo\":{\"@type\":\"ImageObject\",\"inLanguage\":\"pt-BR\",\"@id\":\"https:\/\/inchurch.com.br\/blog\/#\/schema\/logo\/image\/\",\"url\":\"https:\/\/i0.wp.com\/inchurch.com.br\/blog\/wp-content\/uploads\/2017\/01\/inchurch_branca_blog_2.png?fit=162%2C35&ssl=1\",\"contentUrl\":\"https:\/\/i0.wp.com\/inchurch.com.br\/blog\/wp-content\/uploads\/2017\/01\/inchurch_branca_blog_2.png?fit=162%2C35&ssl=1\",\"width\":162,\"height\":35,\"caption\":\"inChurch\"},\"image\":{\"@id\":\"https:\/\/inchurch.com.br\/blog\/#\/schema\/logo\/image\/\"}},{\"@type\":\"WebSite\",\"@id\":\"https:\/\/inchurch.com.br\/blog\/#website\",\"url\":\"https:\/\/inchurch.com.br\/blog\/\",\"name\":\"Blog da inChurch\",\"description\":\"Tudo sobre Comunica\u00e7\u00e3o, Tecnologia e Gest\u00e3o para Igrejas\",\"publisher\":{\"@id\":\"https:\/\/inchurch.com.br\/blog\/#organization\"},\"potentialAction\":[{\"@type\":\"SearchAction\",\"target\":{\"@type\":\"EntryPoint\",\"urlTemplate\":\"https:\/\/inchurch.com.br\/blog\/?s={search_term_string}\"},\"query-input\":\"required name=search_term_string\"}],\"inLanguage\":\"pt-BR\"},{\"@type\":\"WebPage\",\"@id\":\"https:\/\/inchurch.com.br\/blog\/a-importancia-das-redes-sociais-para-igrejas\/\",\"url\":\"https:\/\/inchurch.com.br\/blog\/a-importancia-das-redes-sociais-para-igrejas\/\",\"name\":\"A import\u00e2ncia das redes sociais para igrejas - Blog da inChurch\",\"isPartOf\":{\"@id\":\"https:\/\/inchurch.com.br\/blog\/#website\"},\"datePublished\":\"2022-05-05T21:25:44+00:00\",\"dateModified\":\"2022-05-05T21:25:46+00:00\",\"description\":\"Hoje, as redes sociais para igrejas \u00e9 o \u00fanico ambiente no qual com um clique \u00e9 poss\u00edvel alcan\u00e7ar milhares de pessoas ao mesmo tempo.\",\"breadcrumb\":{\"@id\":\"https:\/\/inchurch.com.br\/blog\/a-importancia-das-redes-sociais-para-igrejas\/#breadcrumb\"},\"inLanguage\":\"pt-BR\",\"potentialAction\":[{\"@type\":\"ReadAction\",\"target\":[\"https:\/\/inchurch.com.br\/blog\/a-importancia-das-redes-sociais-para-igrejas\/\"]}]},{\"@type\":\"BreadcrumbList\",\"@id\":\"https:\/\/inchurch.com.br\/blog\/a-importancia-das-redes-sociais-para-igrejas\/#breadcrumb\",\"itemListElement\":[{\"@type\":\"ListItem\",\"position\":1,\"name\":\"In\u00edcio\",\"item\":\"https:\/\/inchurch.com.br\/blog\/\"},{\"@type\":\"ListItem\",\"position\":2,\"name\":\"A import\u00e2ncia das redes sociais para igrejas\"}]},{\"@type\":\"Article\",\"@id\":\"https:\/\/inchurch.com.br\/blog\/a-importancia-das-redes-sociais-para-igrejas\/#article\",\"isPartOf\":{\"@id\":\"https:\/\/inchurch.com.br\/blog\/a-importancia-das-redes-sociais-para-igrejas\/\"},\"author\":{\"name\":\"Igor Ferreira\",\"@id\":\"https:\/\/inchurch.com.br\/blog\/#\/schema\/person\/6305cfce60ca11d8d567fba6a0400d52\"},\"headline\":\"A import\u00e2ncia das redes sociais para igrejas\",\"datePublished\":\"2022-05-05T21:25:44+00:00\",\"dateModified\":\"2022-05-05T21:25:46+00:00\",\"mainEntityOfPage\":{\"@id\":\"https:\/\/inchurch.com.br\/blog\/a-importancia-das-redes-sociais-para-igrejas\/\"},\"wordCount\":942,\"commentCount\":0,\"publisher\":{\"@id\":\"https:\/\/inchurch.com.br\/blog\/#organization\"},\"articleSection\":[\"Comunica\u00e7\u00e3o\"],\"inLanguage\":\"pt-BR\",\"potentialAction\":[{\"@type\":\"CommentAction\",\"name\":\"Comment\",\"target\":[\"https:\/\/inchurch.com.br\/blog\/a-importancia-das-redes-sociais-para-igrejas\/#respond\"]}]},{\"@type\":\"Person\",\"@id\":\"https:\/\/inchurch.com.br\/blog\/#\/schema\/person\/6305cfce60ca11d8d567fba6a0400d52\",\"name\":\"Igor Ferreira\",\"image\":{\"@type\":\"ImageObject\",\"inLanguage\":\"pt-BR\",\"@id\":\"https:\/\/inchurch.com.br\/blog\/#\/schema\/person\/image\/\",\"url\":\"https:\/\/secure.gravatar.com\/avatar\/69fa9fa6f971645146081c13d82b66b9?s=96&d=blank&r=g\",\"contentUrl\":\"https:\/\/secure.gravatar.com\/avatar\/69fa9fa6f971645146081c13d82b66b9?s=96&d=blank&r=g\",\"caption\":\"Igor Ferreira\"},\"url\":\"https:\/\/inchurch.com.br\/blog\/author\/igor-ferreira\/\"}]}<\/script>\n<!-- \/ Yoast SEO plugin. -->","yoast_head_json":{"title":"A import\u00e2ncia das redes sociais para igrejas - Blog da inChurch","description":"Hoje, as redes sociais para igrejas \u00e9 o \u00fanico ambiente no qual com um clique \u00e9 poss\u00edvel alcan\u00e7ar milhares de pessoas ao mesmo tempo.","robots":{"index":"index","follow":"follow","max-snippet":"max-snippet:-1","max-image-preview":"max-image-preview:large","max-video-preview":"max-video-preview:-1"},"canonical":"https:\/\/inchurch.com.br\/blog\/a-importancia-das-redes-sociais-para-igrejas\/","og_locale":"pt_BR","og_type":"article","og_title":"A import\u00e2ncia das redes sociais para igrejas - Blog da inChurch","og_description":"Hoje, as redes sociais para igrejas \u00e9 o \u00fanico ambiente no qual com um clique \u00e9 poss\u00edvel alcan\u00e7ar milhares de pessoas ao mesmo tempo.","og_url":"https:\/\/inchurch.com.br\/blog\/a-importancia-das-redes-sociais-para-igrejas\/","og_site_name":"Blog da inChurch","article_publisher":"https:\/\/www.facebook.com\/inchurchapp","article_published_time":"2022-05-05T21:25:44+00:00","article_modified_time":"2022-05-05T21:25:46+00:00","og_image":[{"width":1080,"height":730,"url":"https:\/\/inchurch.com.br\/blog\/wp-content\/uploads\/2022\/05\/A-importancia-das-redes-sociais-para-igrejas.png","type":"image\/png"}],"author":"Igor Ferreira","twitter_card":"summary","twitter_misc":{"Escrito por":"Igor Ferreira","Est. tempo de leitura":"5 minutos"},"schema":{"@context":"https:\/\/schema.org","@graph":[{"@type":"Organization","@id":"https:\/\/inchurch.com.br\/blog\/#organization","name":"inChurch","url":"https:\/\/inchurch.com.br\/blog\/","sameAs":["https:\/\/www.instagram.com\/inchurchapp\/","https:\/\/www.linkedin.com\/company\/inchurchapp\/","https:\/\/www.youtube.com\/inchurch","https:\/\/www.facebook.com\/inchurchapp"],"logo":{"@type":"ImageObject","inLanguage":"pt-BR","@id":"https:\/\/inchurch.com.br\/blog\/#\/schema\/logo\/image\/","url":"https:\/\/i0.wp.com\/inchurch.com.br\/blog\/wp-content\/uploads\/2017\/01\/inchurch_branca_blog_2.png?fit=162%2C35&ssl=1","contentUrl":"https:\/\/i0.wp.com\/inchurch.com.br\/blog\/wp-content\/uploads\/2017\/01\/inchurch_branca_blog_2.png?fit=162%2C35&ssl=1","width":162,"height":35,"caption":"inChurch"},"image":{"@id":"https:\/\/inchurch.com.br\/blog\/#\/schema\/logo\/image\/"}},{"@type":"WebSite","@id":"https:\/\/inchurch.com.br\/blog\/#website","url":"https:\/\/inchurch.com.br\/blog\/","name":"Blog da inChurch","description":"Tudo sobre Comunica\u00e7\u00e3o, Tecnologia e Gest\u00e3o para Igrejas","publisher":{"@id":"https:\/\/inchurch.com.br\/blog\/#organization"},"potentialAction":[{"@type":"SearchAction","target":{"@type":"EntryPoint","urlTemplate":"https:\/\/inchurch.com.br\/blog\/?s={search_term_string}"},"query-input":"required name=search_term_string"}],"inLanguage":"pt-BR"},{"@type":"WebPage","@id":"https:\/\/inchurch.com.br\/blog\/a-importancia-das-redes-sociais-para-igrejas\/","url":"https:\/\/inchurch.com.br\/blog\/a-importancia-das-redes-sociais-para-igrejas\/","name":"A import\u00e2ncia das redes sociais para igrejas - Blog da inChurch","isPartOf":{"@id":"https:\/\/inchurch.com.br\/blog\/#website"},"datePublished":"2022-05-05T21:25:44+00:00","dateModified":"2022-05-05T21:25:46+00:00","description":"Hoje, as redes sociais para igrejas \u00e9 o \u00fanico ambiente no qual com um clique \u00e9 poss\u00edvel alcan\u00e7ar milhares de pessoas ao mesmo tempo.","breadcrumb":{"@id":"https:\/\/inchurch.com.br\/blog\/a-importancia-das-redes-sociais-para-igrejas\/#breadcrumb"},"inLanguage":"pt-BR","potentialAction":[{"@type":"ReadAction","target":["https:\/\/inchurch.com.br\/blog\/a-importancia-das-redes-sociais-para-igrejas\/"]}]},{"@type":"BreadcrumbList","@id":"https:\/\/inchurch.com.br\/blog\/a-importancia-das-redes-sociais-para-igrejas\/#breadcrumb","itemListElement":[{"@type":"ListItem","position":1,"name":"In\u00edcio","item":"https:\/\/inchurch.com.br\/blog\/"},{"@type":"ListItem","position":2,"name":"A import\u00e2ncia das redes sociais para igrejas"}]},{"@type":"Article","@id":"https:\/\/inchurch.com.br\/blog\/a-importancia-das-redes-sociais-para-igrejas\/#article","isPartOf":{"@id":"https:\/\/inchurch.com.br\/blog\/a-importancia-das-redes-sociais-para-igrejas\/"},"author":{"name":"Igor Ferreira","@id":"https:\/\/inchurch.com.br\/blog\/#\/schema\/person\/6305cfce60ca11d8d567fba6a0400d52"},"headline":"A import\u00e2ncia das redes sociais para igrejas","datePublished":"2022-05-05T21:25:44+00:00","dateModified":"2022-05-05T21:25:46+00:00","mainEntityOfPage":{"@id":"https:\/\/inchurch.com.br\/blog\/a-importancia-das-redes-sociais-para-igrejas\/"},"wordCount":942,"commentCount":0,"publisher":{"@id":"https:\/\/inchurch.com.br\/blog\/#organization"},"articleSection":["Comunica\u00e7\u00e3o"],"inLanguage":"pt-BR","potentialAction":[{"@type":"CommentAction","name":"Comment","target":["https:\/\/inchurch.com.br\/blog\/a-importancia-das-redes-sociais-para-igrejas\/#respond"]}]},{"@type":"Person","@id":"https:\/\/inchurch.com.br\/blog\/#\/schema\/person\/6305cfce60ca11d8d567fba6a0400d52","name":"Igor Ferreira","image":{"@type":"ImageObject","inLanguage":"pt-BR","@id":"https:\/\/inchurch.com.br\/blog\/#\/schema\/person\/image\/","url":"https:\/\/secure.gravatar.com\/avatar\/69fa9fa6f971645146081c13d82b66b9?s=96&d=blank&r=g","contentUrl":"https:\/\/secure.gravatar.com\/avatar\/69fa9fa6f971645146081c13d82b66b9?s=96&d=blank&r=g","caption":"Igor Ferreira"},"url":"https:\/\/inchurch.com.br\/blog\/author\/igor-ferreira\/"}]}},"jetpack_featured_media_url":"https:\/\/i0.wp.com\/inchurch.com.br\/blog\/wp-content\/uploads\/2022\/05\/A-importancia-das-redes-sociais-para-igrejas.png?fit=1080%2C730&ssl=1","jetpack_shortlink":"https:\/\/wp.me\/p8gkTP-Yn","jetpack-related-posts":[{"id":1627,"url":"https:\/\/inchurch.com.br\/blog\/multiplicador-de-audiencia\/","url_meta":{"origin":3743,"position":0},"title":"Multiplicador de audi\u00eancia: tecnologia integrada \u00e0 plataforma inChurch potencializa alcance de transmiss\u00f5es ao vivo","date":"16 de outubro de 2020","format":false,"excerpt":"Transmitir o culto ao vivo \u00e9 fundamental para que as igrejas atinjam novas pessoas e solidifiquem sua presen\u00e7a no ambiente digital. Com a pandemia do novo coronav\u00edrus, muitas congrega\u00e7\u00f5es entenderam a import\u00e2ncia desse recurso e o utilizaram como estrat\u00e9gia para estreitar o relacionamento com membros e visitantes.\u00a0 No entanto, boa\u2026","rel":"","context":"Em &quot;Cases de sucesso&quot;","img":{"alt_text":"multiplicador de audi\u00eancia","src":"https:\/\/i0.wp.com\/inchurch.com.br\/blog\/wp-content\/uploads\/2020\/10\/Multiplier-Capa.jpg?fit=1080%2C730&ssl=1&resize=350%2C200","width":350,"height":200},"classes":[]},{"id":3101,"url":"https:\/\/inchurch.com.br\/blog\/por-que-sua-igreja-precisa-de-canais-proprietarios\/","url_meta":{"origin":3743,"position":1},"title":"Por que as igrejas precisam de canais propriet\u00e1rios?","date":"2 de setembro de 2021","format":false,"excerpt":"Muitas igrejas desconhecem a import\u00e2ncia de ter canais propriet\u00e1rios por causa da facilidade que as redes sociais proporcionam na hora de interagir com o p\u00fablico e criar conte\u00fado. N\u00e3o se pode negar que as redes sociais facilitaram a divulga\u00e7\u00e3o de trabalhos ministeriais de forma intuitiva e em escala global, mas\u2026","rel":"","context":"Em &quot;Comunica\u00e7\u00e3o&quot;","img":{"alt_text":"Por que as igrejas precisam de canais propriet\u00e1rios","src":"https:\/\/i0.wp.com\/inchurch.com.br\/blog\/wp-content\/uploads\/2021\/09\/Por-que-as-igrejas-precisam-de-canais-propriet\u00e1rios.jpg?fit=1080%2C730&ssl=1&resize=350%2C200","width":350,"height":200},"classes":[]},{"id":1825,"url":"https:\/\/inchurch.com.br\/blog\/o-que-publicar-nas-redes-sociais-da-igreja\/","url_meta":{"origin":3743,"position":2},"title":"O que publicar nas redes sociais da igreja?","date":"1 de dezembro de 2020","format":false,"excerpt":"Esta \u00e9 uma das perguntas que mais ou\u00e7o em minhas aulas e palestras: Elis, o que eu publico nas redes sociais da minha igreja ou minist\u00e9rio? Pensando nisso, separei sete dicas que podem te ajudar a produzir melhores conte\u00fados para os seus canais digitais. 1. Mensagem dos cultos: Anote as\u2026","rel":"","context":"Em &quot;Comunica\u00e7\u00e3o&quot;","img":{"alt_text":"redes sociais","src":"https:\/\/i0.wp.com\/inchurch.com.br\/blog\/wp-content\/uploads\/2020\/12\/Publicar-nas-redes.png?fit=1080%2C730&ssl=1&resize=350%2C200","width":350,"height":200},"classes":[]},{"id":776,"url":"https:\/\/inchurch.com.br\/blog\/aplicativo-sua-igreja-precisa-de-um\/","url_meta":{"origin":3743,"position":3},"title":"Aplicativo: sua igreja precisa de um?","date":"13 de novembro de 2019","format":false,"excerpt":"Antes de responder essa pergunta de forma direta, vamos te conduzir por algumas informa\u00e7\u00f5es que, com certeza, v\u00e3o te ajudar a chegar em algumas conclus\u00f5es importantes sobre a ado\u00e7\u00e3o ou n\u00e3o de um aplicativo para sua igreja. Hoje, na era p\u00f3s-digital onde a tecnologia tem tomado parte importante da vida\u2026","rel":"","context":"Em &quot;Comunica\u00e7\u00e3o&quot;","img":{"alt_text":"aplicativo para igreja","src":"https:\/\/i0.wp.com\/inchurch.com.br\/blog\/wp-content\/uploads\/2019\/11\/07_11_2019.png?fit=1080%2C1080&ssl=1&resize=350%2C200","width":350,"height":200},"classes":[]},{"id":959,"url":"https:\/\/inchurch.com.br\/blog\/covid-19-redes-sociais-x-canais-proprietarios\/","url_meta":{"origin":3743,"position":4},"title":"[COVID-19] Redes Sociais x Canais propriet\u00e1rios?","date":"29 de maio de 2020","format":false,"excerpt":"Estamos acompanhando muito de perto a corrida pela digitaliza\u00e7\u00e3o acelerada das igrejas nesses dias de quarentena. Uma chuva de conte\u00fados que, nos hor\u00e1rios tradicionais de culto, nos apresentaram picos de acessos que derrubaram Facebook e Instagram em algumas regi\u00f5es. Tamb\u00e9m ficaram comuns os \u201cmemes\" sobre o excesso de exposi\u00e7\u00e3o on-line,\u2026","rel":"","context":"Em &quot;Comunica\u00e7\u00e3o&quot;","img":{"alt_text":"","src":"https:\/\/i0.wp.com\/inchurch.com.br\/blog\/wp-content\/uploads\/2020\/05\/29_05_2020.png?fit=1080%2C730&ssl=1&resize=350%2C200","width":350,"height":200},"classes":[]},{"id":945,"url":"https:\/\/inchurch.com.br\/blog\/06-dicas-para-uma-igreja-digital-eficiente\/","url_meta":{"origin":3743,"position":5},"title":"06 dicas para uma \u201cigreja digital\u201d eficiente","date":"17 de abril de 2020","format":false,"excerpt":"Com a quarentena provocada pela pandemia do novo coronav\u00edrus COVID19, muitas Igrejas se viram na necessidade de correr para promover a digitaliza\u00e7\u00e3o de suas estruturas. Mas, ser\u00e1 que est\u00e3o sabendo lidar com o formato e com o mundo tecnol\u00f3gico? Pensando em apoiar as comunidades neste novo cen\u00e1rio, reunimos seis (06)\u2026","rel":"","context":"Em &quot;Comunica\u00e7\u00e3o&quot;","img":{"alt_text":"","src":"https:\/\/i0.wp.com\/inchurch.com.br\/blog\/wp-content\/uploads\/2020\/04\/06_super_dicas.png?fit=1080%2C730&ssl=1&resize=350%2C200","width":350,"height":200},"classes":[]}],"_links":{"self":[{"href":"https:\/\/inchurch.com.br\/blog\/wp-json\/wp\/v2\/posts\/3743","targetHints":{"allow":["GET"]}}],"collection":[{"href":"https:\/\/inchurch.com.br\/blog\/wp-json\/wp\/v2\/posts"}],"about":[{"href":"https:\/\/inchurch.com.br\/blog\/wp-json\/wp\/v2\/types\/post"}],"author":[{"embeddable":true,"href":"https:\/\/inchurch.com.br\/blog\/wp-json\/wp\/v2\/users\/13"}],"replies":[{"embeddable":true,"href":"https:\/\/inchurch.com.br\/blog\/wp-json\/wp\/v2\/comments?post=3743"}],"version-history":[{"count":2,"href":"https:\/\/inchurch.com.br\/blog\/wp-json\/wp\/v2\/posts\/3743\/revisions"}],"predecessor-version":[{"id":3746,"href":"https:\/\/inchurch.com.br\/blog\/wp-json\/wp\/v2\/posts\/3743\/revisions\/3746"}],"wp:featuredmedia":[{"embeddable":true,"href":"https:\/\/inchurch.com.br\/blog\/wp-json\/wp\/v2\/media\/3745"}],"wp:attachment":[{"href":"https:\/\/inchurch.com.br\/blog\/wp-json\/wp\/v2\/media?parent=3743"}],"wp:term":[{"taxonomy":"category","embeddable":true,"href":"https:\/\/inchurch.com.br\/blog\/wp-json\/wp\/v2\/categories?post=3743"},{"taxonomy":"post_tag","embeddable":true,"href":"https:\/\/inchurch.com.br\/blog\/wp-json\/wp\/v2\/tags?post=3743"}],"curies":[{"name":"wp","href":"https:\/\/api.w.org\/{rel}","templated":true}]}}