{"id":1818,"date":"2020-12-02T09:30:00","date_gmt":"2020-12-02T09:30:00","guid":{"rendered":"https:\/\/inchurch.com.br\/blog\/?p=1818"},"modified":"2021-06-19T21:44:14","modified_gmt":"2021-06-19T21:44:14","slug":"comunicacao-para-igrejas-pos-pandemia","status":"publish","type":"post","link":"https:\/\/inchurch.com.br\/blog\/comunicacao-para-igrejas-pos-pandemia\/","title":{"rendered":"O que muda na comunica\u00e7\u00e3o para igrejas p\u00f3s-pandemia? Veja sete li\u00e7\u00f5es trazidas pela crise da Covid-19"},"content":{"rendered":"\n<p>A comunica\u00e7\u00e3o para igrejas foi diretamente afetada pela pandemia do novo coronav\u00edrus. A chegada da Covid-19 impediu a realiza\u00e7\u00e3o dos cultos presenciais e imp\u00f4s uma s\u00e9rie de<a href=\"https:\/\/inchurch.com.br\/blog\/gestao-de-igrejas-desafios-e-solucoes\/\"> desafios \u00e0s igrejas de todo o Brasil<\/a>, que precisaram se adaptar a essa nova realidade.&nbsp;<\/p>\n\n\n\n<p>No entanto, como toda crise, a pandemia tamb\u00e9m trouxe oportunidades para inova\u00e7\u00e3o. As igrejas perceberam que, com o suporte do ambiente digital, \u00e9 poss\u00edvel estar pr\u00f3ximo apesar da dist\u00e2ncia.&nbsp;Agora, com a retomada parcial das atividades presenciais, \u00e9 o momento de avaliar o que deve mudar na comunica\u00e7\u00e3o para igrejas p\u00f3s-pandemia. <\/p>\n\n\n\n<p>Nas pr\u00f3ximas linhas, confira sete li\u00e7\u00f5es trazidas pela crise da Covid-19. <\/p>\n\n\n\n<h2 class=\"wp-block-heading\"><strong>1. O digital veio para ficar<\/strong><\/h2>\n\n\n\n<p>A pandemia do novo coronav\u00edrus mostrou que a migra\u00e7\u00e3o das igrejas para o ambiente digital \u00e9 uma necessidade. Com a ado\u00e7\u00e3o do isolamento social, que inviabilizou os cultos presenciais, igrejas de todo o Brasil precisaram recorrer a lives, <em>webinars <\/em>e videoconfer\u00eancias para manter suas atividades.&nbsp;<\/p>\n\n\n\n<p>No entanto, mais do que apenas digitalizar processos, \u00e9 preciso adotar uma <strong>cultura digital<\/strong>. Isso significa que a igreja deve ampliar sua vis\u00e3o e pensar n\u00e3o s\u00f3 em recursos tecnol\u00f3gicos isolados, mas em <strong>solu\u00e7\u00f5es integradas<\/strong> que componham um verdadeiro <strong>ecossistema digital<\/strong>, conectando todas as \u00e1reas e processos do minist\u00e9rio. <\/p>\n\n\n\n<p>Desta forma, ser\u00e1 poss\u00edvel <a href=\"https:\/\/inchurch.com.br\/blog\/segmentacao-de-membresia\/\">acompanhar a membresia de forma inteligente<\/a>, potencializar o alcance da comunica\u00e7\u00e3o, <a href=\"https:\/\/inchurch.com.br\/blog\/gestao-de-igrejas-desafios-e-solucoes\/\">simplificar mecanismos de gest\u00e3o<\/a>, oferecer <a href=\"https:\/\/inchurch.com.br\/blog\/6-formas-de-aumentar-a-interatividade-na-igreja-online\/\">novas possibilidades de intera\u00e7\u00e3o<\/a> e mensurar o crescimento da igreja.\u00a0<\/p>\n\n\n\n<p>Lembre-se de que <strong>o ambiente virtual precisa ser uma extens\u00e3o do ambiente real <\/strong>\u2013 especialmente em momentos de crise. Se as pessoas n\u00e3o podem estar na igreja, a igreja precisa estar onde elas est\u00e3o. Implementar uma cultura digital em sua congrega\u00e7\u00e3o \u00e9 torn\u00e1-la pr\u00f3xima, viva e atuante a dist\u00e2ncia.<\/p>\n\n\n\n<h2 class=\"wp-block-heading\"><strong>2. O conte\u00fado gerado por usu\u00e1rio \u00e9 um recurso precioso<\/strong><\/h2>\n\n\n\n<p>Imagine se cada membro da sua igreja postasse um story no pr\u00f3prio Instagram convidando os seguidores para a <a href=\"https:\/\/inchurch.com.br\/blog\/transmissao-ao-vivo-para-igrejas\/\">transmiss\u00e3o ao vivo<\/a> do culto, e voc\u00ea compartilhasse alguns dos posts mais criativos. Seria muito mais impactante do que simplesmente publicar um convite tradicional, n\u00e3o \u00e9?\u00a0<\/p>\n\n\n\n<p>\u00c9 por isso, entre outras coisas, que o conte\u00fado de usu\u00e1rio (<em>user generated content<\/em> ou UGC, em ingl\u00eas) \u00e9 considerado o \u201cSanto Graal\u201d do conte\u00fado nas redes sociais. Segundo pesquisa da empresa de comunica\u00e7\u00e3o Olapic, <a href=\"https:\/\/smallbusinessonlinecommunity.bankofamerica.com\/community\/running-your-business\/sales-marketing\/blog\/2018\/05\/08\/how-to-increase-authentic-business-reviews-on-facebook\">76% das pessoas dizem que confiam mais em conte\u00fados compartilhados por pessoas \u201ccomuns\u201d do que nos de marcas<\/a>.<\/p>\n\n\n\n<p>Quando aplicamos esse dado \u00e0 realidade da comunica\u00e7\u00e3o para igrejas, percebemos que o conte\u00fado gerado por usu\u00e1rio tem um grande potencial: alavancar a prega\u00e7\u00e3o do evangelho. Isso porque <strong>o UGC mostra que existem v\u00e1rias pessoas unidas em torno de um mesmo prop\u00f3sito<\/strong>. N\u00e3o \u00e9 mais a igreja como institui\u00e7\u00e3o falando, mas a pr\u00f3pria igreja de Cristo levando a mensagem. Incr\u00edvel, n\u00e3o?&nbsp;<\/p>\n\n\n\n<p>Al\u00e9m disso, compartilhar UGC \u00e9 uma forma de <strong>valorizar o p\u00fablico interno<\/strong>. Por isso, incentive esse tipo de conte\u00fado entre a equipe de comunica\u00e7\u00e3o e os demais membros.&nbsp;Voc\u00ea pode influenciar a cria\u00e7\u00e3o de UGC postando quizzes b\u00edblicos para que as pessoas compartilhem seus resultados ou incentivando o compartilhamento de testemunhos. Lembre aos seguidores de marcar o arroba (@) da igreja nas publica\u00e7\u00f5es, para que voc\u00ea possa replicar o conte\u00fado.<\/p>\n\n\n\n<h2 class=\"wp-block-heading\"><strong>3. Nunca foi t\u00e3o importante alinhar a mensagem<\/strong><\/h2>\n\n\n\n<p>Com a pandemia do novo coronav\u00edrus, o ambiente digital se tornou o \u00fanico espa\u00e7o para veicular as informa\u00e7\u00f5es relacionadas \u00e0s atividades da igreja. Isso mostrou o qu\u00e3o importante \u00e9 <strong>alinhar as mensagens para o p\u00fablico<\/strong>.<\/p>\n\n\n\n<p>Em outras palavras, \u00e9 preciso garantir que a transmiss\u00e3o de informa\u00e7\u00f5es seja clara e consistente em todas as plataformas e canais \u2013 site, aplicativo, redes sociais, transmiss\u00e3o ao vivo etc. Imagine, por exemplo, que o pastor anuncia detalhes sobre determinado evento no p\u00falpito, mas posts feitos nas redes sociais o contradizem. Como o p\u00fablico saberia o que est\u00e1 correto?&nbsp;<\/p>\n\n\n\n<p>Para evitar ru\u00eddos, \u00e9 necess\u00e1rio que o minist\u00e9rio de comunica\u00e7\u00e3o da igreja e as lideran\u00e7as das demais \u00e1reas se re\u00fanam periodicamente para alinhar as mensagens. Lembre-se ainda de <strong>checar as informa\u00e7\u00f5es antes de pass\u00e1-las adiante<\/strong>.<\/p>\n\n\n\n<p>Vale ressaltar que tamb\u00e9m \u00e9 importante garantir o alinhamento das mensagens por meio de uma <strong>representa\u00e7\u00e3o visual consistente das informa\u00e7\u00f5es<\/strong>. Isso significa, por exemplo, usar a mesma paleta de cores e as mesmas fam\u00edlias de fontes nas pe\u00e7as de design. Torne as informa\u00e7\u00f5es reconhec\u00edveis pela vista, e n\u00e3o apenas pelo conte\u00fado.<\/p>\n\n\n\n<h2 class=\"wp-block-heading\"><strong>4. Conte\u00fados de curta dura\u00e7\u00e3o s\u00e3o uma aposta de valor<\/strong><\/h2>\n\n\n\n<p>Em abril, pico da pandemia, o aplicativo de v\u00eddeos curtos TikTok<strong> <\/strong><a href=\"https:\/\/sensortower.com\/blog\/tiktok-downloads-2-billion\">chegou \u00e0 marca de 2 bilh\u00f5es de instala\u00e7\u00f5es<\/a>, segundo dados da consultoria Sensor Tower. O n\u00famero, al\u00e9m de impressionar, aponta para uma tend\u00eancia: o crescente interesse dos usu\u00e1rios em conte\u00fados de curta dura\u00e7\u00e3o.<\/p>\n\n\n\n<p>A igreja pode aproveitar essa oportunidade para se aproximar do p\u00fablico jovem e adolescente, principal audi\u00eancia de ferramentas como o TikTok e o Instagram Reels. E o melhor \u00e9 que n\u00e3o \u00e9 preciso conhecimento t\u00e9cnico para <a href=\"https:\/\/inchurch.com.br\/blog\/conteudo-para-igreja-como-produzir\/\">produzir conte\u00fado <\/a>nessas plataformas, j\u00e1 que elas s\u00e3o de uso simples e intuitivo.&nbsp;<\/p>\n\n\n\n<p>Al\u00e9m disso, estudos apontam que <a href=\"http:\/\/time.com\/3858309\/attention-spans-goldfish\/\">o tempo m\u00e9dio de aten\u00e7\u00e3o das pessoas est\u00e1 diminuindo<\/a> cada vez mais, sendo atualmente de 8 segundos. Isso significa que, se voc\u00ea fizer um Instagram Reels de 15 segundos, por exemplo, conseguir\u00e1 prender a aten\u00e7\u00e3o do p\u00fablico por, pelo menos, a metade do tempo.&nbsp;Criar conte\u00fados r\u00e1pidos \u00e9, portanto, uma forma de <strong>falar com o p\u00fablico de maneira direta e descontra\u00edda<\/strong>.<\/p>\n\n\n\n<h2 class=\"wp-block-heading\"><strong>5. Diversificar os formatos de conte\u00fado \u00e9 fundamental para n\u00e3o cair na mesmice<\/strong><\/h2>\n\n\n\n<p>As lives foram um dos formatos de maior sucesso durante a quarentena. Cantores, influenciadores digitais, empresas e igrejas fizeram milhares de transmiss\u00f5es ao vivo para tentar suprir a aus\u00eancia do espa\u00e7o f\u00edsico. E deu certo\u2026&nbsp;<\/p>\n\n\n\n<p>&#8230;Mas s\u00f3 por um tempo. Dados do Google Trends, ferramenta que monitora pesquisas na internet, mostram que <a href=\"https:\/\/inchurch.com.br\/blog\/por-que-a-busca-por-lives-caiu\/\">a procura pelo termo \u201clive\u201d registrou queda expressiva a partir de junho<\/a>. O que aconteceu? A overdose de transmiss\u00f5es ao vivo acabou saturando as pessoas. <\/p>\n\n\n\n<p>Isso aponta para a <strong>import\u00e2ncia de diversificar o conte\u00fado<\/strong>. Por mais que um formato esteja fazendo sucesso, \u00e9 preciso us\u00e1-lo com modera\u00e7\u00e3o e estrat\u00e9gia, n\u00e3o apenas porque \u201cest\u00e1 na moda\u201d.<\/p>\n\n\n\n<h2 class=\"wp-block-heading\"><strong>6. Monitorar informa\u00e7\u00f5es \u00e9 uma das melhores formas de mapear oportunidades&nbsp;<\/strong><\/h2>\n\n\n\n<p>Poucos assuntos foram t\u00e3o comentados nos ve\u00edculos de imprensa e redes sociais nos \u00faltimos meses quanto a pandemia de Covid-19. Com o interesse p\u00fablico em torno do tema, cresceu o n\u00famero de <strong>a\u00e7\u00f5es de comunica\u00e7\u00e3o pautadas por dados<\/strong>, ou seja, pensadas a partir do monitoramento de informa\u00e7\u00f5es.<\/p>\n\n\n\n<p>Ao acompanhar a evolu\u00e7\u00e3o da agenda da m\u00eddia e dos indicadores externos, a equipe de comunica\u00e7\u00e3o para igrejas pode identificar oportunidades para produ\u00e7\u00e3o de conte\u00fado. Al\u00e9m disso, <strong>a igreja tem a chance de fazer a diferen\u00e7a ao se posicionar em assuntos que atraem a aten\u00e7\u00e3o da sociedade<\/strong>. Para identificar tend\u00eancias, voc\u00ea pode usar ferramentas como<a href=\"https:\/\/trends.google.com.br\/trends\/\"> Google Trends<\/a> e os Trending Topics do <a href=\"http:\/\/twitter.com\/\">Twitter<\/a>.<\/p>\n\n\n\n<h2 class=\"wp-block-heading\"><strong>7. Lidere com esperan\u00e7a, n\u00e3o com medo<\/strong><\/h2>\n\n\n\n<p>Em momentos de crise, a igreja deve se lembrar de que foi chamada para algo maior, para al\u00e9m dos problemas deste mundo. Embora o cen\u00e1rio de incertezas traga medo, \u00e9 preciso confiar em Deus e em Sua vontade, que \u00e9 boa, perfeita e agrad\u00e1vel.&nbsp;Com a comunica\u00e7\u00e3o digital, as igrejas podem alcan\u00e7ar pessoas que talvez nunca entrariam em um templo. Por isso, n\u00e3o se esque\u00e7a de liderar com esperan\u00e7a, levando uma mensagem de paz aos que est\u00e3o aflitos.&nbsp;<\/p>\n\n\n\n<hr class=\"wp-block-separator\"\/>\n\n\n\n<p>Gostou do conte\u00fado?&nbsp;<a href=\"https:\/\/inchurch.com.br\/newsletter\">Inscreva-se em nossa newsletter<\/a>&nbsp;para receber posts como este direto na sua caixa de e-mails.<\/p>\n","protected":false},"excerpt":{"rendered":"<p>A comunica\u00e7\u00e3o para igrejas foi diretamente afetada pela pandemia do novo coronav\u00edrus. A chegada da Covid-19 impediu a realiza\u00e7\u00e3o dos&#8230;<\/p>\n","protected":false},"author":13,"featured_media":1840,"comment_status":"open","ping_status":"open","sticky":false,"template":"","format":"standard","meta":{"_mi_skip_tracking":false,"_exactmetrics_sitenote_active":false,"_exactmetrics_sitenote_note":"","_exactmetrics_sitenote_category":0,"footnotes":""},"categories":[1,139],"tags":[],"class_list":["post-1818","post","type-post","status-publish","format-standard","has-post-thumbnail","hentry","category-comunicacao-igreja","category-igreja-online"],"yoast_head":"<!-- This site is optimized with the Yoast SEO plugin v19.4 - https:\/\/yoast.com\/wordpress\/plugins\/seo\/ -->\n<title>O que muda na comunica\u00e7\u00e3o para igrejas p\u00f3s-pandemia? Veja sete li\u00e7\u00f5es trazidas pela crise da Covid-19 - Blog da inChurch<\/title>\n<meta name=\"description\" content=\"A igreja p\u00f3s-pandemia n\u00e3o ser\u00e1 a mesma. Clique e descubra o que a comunica\u00e7\u00e3o do seu minist\u00e9rio pode aprender com a crise da Covid-19.\" \/>\n<meta name=\"robots\" content=\"index, follow, max-snippet:-1, max-image-preview:large, max-video-preview:-1\" \/>\n<link rel=\"canonical\" href=\"https:\/\/inchurch.com.br\/blog\/comunicacao-para-igrejas-pos-pandemia\/\" \/>\n<meta property=\"og:locale\" content=\"pt_BR\" \/>\n<meta property=\"og:type\" content=\"article\" \/>\n<meta property=\"og:title\" content=\"O que muda na comunica\u00e7\u00e3o para igrejas p\u00f3s-pandemia? Veja sete li\u00e7\u00f5es trazidas pela crise da Covid-19 - Blog da inChurch\" \/>\n<meta property=\"og:description\" content=\"A igreja p\u00f3s-pandemia n\u00e3o ser\u00e1 a mesma. Clique e descubra o que a comunica\u00e7\u00e3o do seu minist\u00e9rio pode aprender com a crise da Covid-19.\" \/>\n<meta property=\"og:url\" content=\"https:\/\/inchurch.com.br\/blog\/comunicacao-para-igrejas-pos-pandemia\/\" \/>\n<meta property=\"og:site_name\" content=\"Blog da inChurch\" \/>\n<meta property=\"article:publisher\" content=\"https:\/\/www.facebook.com\/inchurchapp\" \/>\n<meta property=\"article:published_time\" content=\"2020-12-02T09:30:00+00:00\" \/>\n<meta property=\"article:modified_time\" content=\"2021-06-19T21:44:14+00:00\" \/>\n<meta property=\"og:image\" content=\"https:\/\/i0.wp.com\/inchurch.com.br\/blog\/wp-content\/uploads\/2020\/12\/01_12_2020_blog.jpg?fit=1080%2C730&ssl=1\" \/>\n\t<meta property=\"og:image:width\" content=\"1080\" \/>\n\t<meta property=\"og:image:height\" content=\"730\" \/>\n\t<meta property=\"og:image:type\" content=\"image\/jpeg\" \/>\n<meta name=\"author\" content=\"Igor Ferreira\" \/>\n<meta name=\"twitter:card\" content=\"summary\" \/>\n<meta name=\"twitter:label1\" content=\"Escrito por\" \/>\n\t<meta name=\"twitter:data1\" content=\"Igor Ferreira\" \/>\n\t<meta name=\"twitter:label2\" content=\"Est. tempo de leitura\" \/>\n\t<meta name=\"twitter:data2\" content=\"7 minutos\" \/>\n<script type=\"application\/ld+json\" class=\"yoast-schema-graph\">{\"@context\":\"https:\/\/schema.org\",\"@graph\":[{\"@type\":\"Organization\",\"@id\":\"https:\/\/inchurch.com.br\/blog\/#organization\",\"name\":\"inChurch\",\"url\":\"https:\/\/inchurch.com.br\/blog\/\",\"sameAs\":[\"https:\/\/www.instagram.com\/inchurchapp\/\",\"https:\/\/www.linkedin.com\/company\/inchurchapp\/\",\"https:\/\/www.youtube.com\/inchurch\",\"https:\/\/www.facebook.com\/inchurchapp\"],\"logo\":{\"@type\":\"ImageObject\",\"inLanguage\":\"pt-BR\",\"@id\":\"https:\/\/inchurch.com.br\/blog\/#\/schema\/logo\/image\/\",\"url\":\"https:\/\/i0.wp.com\/inchurch.com.br\/blog\/wp-content\/uploads\/2017\/01\/inchurch_branca_blog_2.png?fit=162%2C35&ssl=1\",\"contentUrl\":\"https:\/\/i0.wp.com\/inchurch.com.br\/blog\/wp-content\/uploads\/2017\/01\/inchurch_branca_blog_2.png?fit=162%2C35&ssl=1\",\"width\":162,\"height\":35,\"caption\":\"inChurch\"},\"image\":{\"@id\":\"https:\/\/inchurch.com.br\/blog\/#\/schema\/logo\/image\/\"}},{\"@type\":\"WebSite\",\"@id\":\"https:\/\/inchurch.com.br\/blog\/#website\",\"url\":\"https:\/\/inchurch.com.br\/blog\/\",\"name\":\"Blog da inChurch\",\"description\":\"Tudo sobre Comunica\u00e7\u00e3o, Tecnologia e Gest\u00e3o para Igrejas\",\"publisher\":{\"@id\":\"https:\/\/inchurch.com.br\/blog\/#organization\"},\"potentialAction\":[{\"@type\":\"SearchAction\",\"target\":{\"@type\":\"EntryPoint\",\"urlTemplate\":\"https:\/\/inchurch.com.br\/blog\/?s={search_term_string}\"},\"query-input\":\"required name=search_term_string\"}],\"inLanguage\":\"pt-BR\"},{\"@type\":\"WebPage\",\"@id\":\"https:\/\/inchurch.com.br\/blog\/comunicacao-para-igrejas-pos-pandemia\/\",\"url\":\"https:\/\/inchurch.com.br\/blog\/comunicacao-para-igrejas-pos-pandemia\/\",\"name\":\"O que muda na comunica\u00e7\u00e3o para igrejas p\u00f3s-pandemia? Veja sete li\u00e7\u00f5es trazidas pela crise da Covid-19 - Blog da inChurch\",\"isPartOf\":{\"@id\":\"https:\/\/inchurch.com.br\/blog\/#website\"},\"datePublished\":\"2020-12-02T09:30:00+00:00\",\"dateModified\":\"2021-06-19T21:44:14+00:00\",\"description\":\"A igreja p\u00f3s-pandemia n\u00e3o ser\u00e1 a mesma. Clique e descubra o que a comunica\u00e7\u00e3o do seu minist\u00e9rio pode aprender com a crise da Covid-19.\",\"breadcrumb\":{\"@id\":\"https:\/\/inchurch.com.br\/blog\/comunicacao-para-igrejas-pos-pandemia\/#breadcrumb\"},\"inLanguage\":\"pt-BR\",\"potentialAction\":[{\"@type\":\"ReadAction\",\"target\":[\"https:\/\/inchurch.com.br\/blog\/comunicacao-para-igrejas-pos-pandemia\/\"]}]},{\"@type\":\"BreadcrumbList\",\"@id\":\"https:\/\/inchurch.com.br\/blog\/comunicacao-para-igrejas-pos-pandemia\/#breadcrumb\",\"itemListElement\":[{\"@type\":\"ListItem\",\"position\":1,\"name\":\"In\u00edcio\",\"item\":\"https:\/\/inchurch.com.br\/blog\/\"},{\"@type\":\"ListItem\",\"position\":2,\"name\":\"O que muda na comunica\u00e7\u00e3o para igrejas p\u00f3s-pandemia? Veja sete li\u00e7\u00f5es trazidas pela crise da Covid-19\"}]},{\"@type\":\"Article\",\"@id\":\"https:\/\/inchurch.com.br\/blog\/comunicacao-para-igrejas-pos-pandemia\/#article\",\"isPartOf\":{\"@id\":\"https:\/\/inchurch.com.br\/blog\/comunicacao-para-igrejas-pos-pandemia\/\"},\"author\":{\"name\":\"Igor Ferreira\",\"@id\":\"https:\/\/inchurch.com.br\/blog\/#\/schema\/person\/6305cfce60ca11d8d567fba6a0400d52\"},\"headline\":\"O que muda na comunica\u00e7\u00e3o para igrejas p\u00f3s-pandemia? Veja sete li\u00e7\u00f5es trazidas pela crise da Covid-19\",\"datePublished\":\"2020-12-02T09:30:00+00:00\",\"dateModified\":\"2021-06-19T21:44:14+00:00\",\"mainEntityOfPage\":{\"@id\":\"https:\/\/inchurch.com.br\/blog\/comunicacao-para-igrejas-pos-pandemia\/\"},\"wordCount\":1377,\"commentCount\":0,\"publisher\":{\"@id\":\"https:\/\/inchurch.com.br\/blog\/#organization\"},\"articleSection\":[\"Comunica\u00e7\u00e3o\",\"Igreja Online\"],\"inLanguage\":\"pt-BR\",\"potentialAction\":[{\"@type\":\"CommentAction\",\"name\":\"Comment\",\"target\":[\"https:\/\/inchurch.com.br\/blog\/comunicacao-para-igrejas-pos-pandemia\/#respond\"]}]},{\"@type\":\"Person\",\"@id\":\"https:\/\/inchurch.com.br\/blog\/#\/schema\/person\/6305cfce60ca11d8d567fba6a0400d52\",\"name\":\"Igor Ferreira\",\"image\":{\"@type\":\"ImageObject\",\"inLanguage\":\"pt-BR\",\"@id\":\"https:\/\/inchurch.com.br\/blog\/#\/schema\/person\/image\/\",\"url\":\"https:\/\/secure.gravatar.com\/avatar\/69fa9fa6f971645146081c13d82b66b9?s=96&d=blank&r=g\",\"contentUrl\":\"https:\/\/secure.gravatar.com\/avatar\/69fa9fa6f971645146081c13d82b66b9?s=96&d=blank&r=g\",\"caption\":\"Igor Ferreira\"},\"url\":\"https:\/\/inchurch.com.br\/blog\/author\/igor-ferreira\/\"}]}<\/script>\n<!-- \/ Yoast SEO plugin. -->","yoast_head_json":{"title":"O que muda na comunica\u00e7\u00e3o para igrejas p\u00f3s-pandemia? Veja sete li\u00e7\u00f5es trazidas pela crise da Covid-19 - Blog da inChurch","description":"A igreja p\u00f3s-pandemia n\u00e3o ser\u00e1 a mesma. Clique e descubra o que a comunica\u00e7\u00e3o do seu minist\u00e9rio pode aprender com a crise da Covid-19.","robots":{"index":"index","follow":"follow","max-snippet":"max-snippet:-1","max-image-preview":"max-image-preview:large","max-video-preview":"max-video-preview:-1"},"canonical":"https:\/\/inchurch.com.br\/blog\/comunicacao-para-igrejas-pos-pandemia\/","og_locale":"pt_BR","og_type":"article","og_title":"O que muda na comunica\u00e7\u00e3o para igrejas p\u00f3s-pandemia? Veja sete li\u00e7\u00f5es trazidas pela crise da Covid-19 - Blog da inChurch","og_description":"A igreja p\u00f3s-pandemia n\u00e3o ser\u00e1 a mesma. Clique e descubra o que a comunica\u00e7\u00e3o do seu minist\u00e9rio pode aprender com a crise da Covid-19.","og_url":"https:\/\/inchurch.com.br\/blog\/comunicacao-para-igrejas-pos-pandemia\/","og_site_name":"Blog da inChurch","article_publisher":"https:\/\/www.facebook.com\/inchurchapp","article_published_time":"2020-12-02T09:30:00+00:00","article_modified_time":"2021-06-19T21:44:14+00:00","og_image":[{"width":1080,"height":730,"url":"https:\/\/i0.wp.com\/inchurch.com.br\/blog\/wp-content\/uploads\/2020\/12\/01_12_2020_blog.jpg?fit=1080%2C730&ssl=1","type":"image\/jpeg"}],"author":"Igor Ferreira","twitter_card":"summary","twitter_misc":{"Escrito por":"Igor Ferreira","Est. tempo de leitura":"7 minutos"},"schema":{"@context":"https:\/\/schema.org","@graph":[{"@type":"Organization","@id":"https:\/\/inchurch.com.br\/blog\/#organization","name":"inChurch","url":"https:\/\/inchurch.com.br\/blog\/","sameAs":["https:\/\/www.instagram.com\/inchurchapp\/","https:\/\/www.linkedin.com\/company\/inchurchapp\/","https:\/\/www.youtube.com\/inchurch","https:\/\/www.facebook.com\/inchurchapp"],"logo":{"@type":"ImageObject","inLanguage":"pt-BR","@id":"https:\/\/inchurch.com.br\/blog\/#\/schema\/logo\/image\/","url":"https:\/\/i0.wp.com\/inchurch.com.br\/blog\/wp-content\/uploads\/2017\/01\/inchurch_branca_blog_2.png?fit=162%2C35&ssl=1","contentUrl":"https:\/\/i0.wp.com\/inchurch.com.br\/blog\/wp-content\/uploads\/2017\/01\/inchurch_branca_blog_2.png?fit=162%2C35&ssl=1","width":162,"height":35,"caption":"inChurch"},"image":{"@id":"https:\/\/inchurch.com.br\/blog\/#\/schema\/logo\/image\/"}},{"@type":"WebSite","@id":"https:\/\/inchurch.com.br\/blog\/#website","url":"https:\/\/inchurch.com.br\/blog\/","name":"Blog da inChurch","description":"Tudo sobre Comunica\u00e7\u00e3o, Tecnologia e Gest\u00e3o para Igrejas","publisher":{"@id":"https:\/\/inchurch.com.br\/blog\/#organization"},"potentialAction":[{"@type":"SearchAction","target":{"@type":"EntryPoint","urlTemplate":"https:\/\/inchurch.com.br\/blog\/?s={search_term_string}"},"query-input":"required name=search_term_string"}],"inLanguage":"pt-BR"},{"@type":"WebPage","@id":"https:\/\/inchurch.com.br\/blog\/comunicacao-para-igrejas-pos-pandemia\/","url":"https:\/\/inchurch.com.br\/blog\/comunicacao-para-igrejas-pos-pandemia\/","name":"O que muda na comunica\u00e7\u00e3o para igrejas p\u00f3s-pandemia? Veja sete li\u00e7\u00f5es trazidas pela crise da Covid-19 - Blog da inChurch","isPartOf":{"@id":"https:\/\/inchurch.com.br\/blog\/#website"},"datePublished":"2020-12-02T09:30:00+00:00","dateModified":"2021-06-19T21:44:14+00:00","description":"A igreja p\u00f3s-pandemia n\u00e3o ser\u00e1 a mesma. Clique e descubra o que a comunica\u00e7\u00e3o do seu minist\u00e9rio pode aprender com a crise da Covid-19.","breadcrumb":{"@id":"https:\/\/inchurch.com.br\/blog\/comunicacao-para-igrejas-pos-pandemia\/#breadcrumb"},"inLanguage":"pt-BR","potentialAction":[{"@type":"ReadAction","target":["https:\/\/inchurch.com.br\/blog\/comunicacao-para-igrejas-pos-pandemia\/"]}]},{"@type":"BreadcrumbList","@id":"https:\/\/inchurch.com.br\/blog\/comunicacao-para-igrejas-pos-pandemia\/#breadcrumb","itemListElement":[{"@type":"ListItem","position":1,"name":"In\u00edcio","item":"https:\/\/inchurch.com.br\/blog\/"},{"@type":"ListItem","position":2,"name":"O que muda na comunica\u00e7\u00e3o para igrejas p\u00f3s-pandemia? Veja sete li\u00e7\u00f5es trazidas pela crise da Covid-19"}]},{"@type":"Article","@id":"https:\/\/inchurch.com.br\/blog\/comunicacao-para-igrejas-pos-pandemia\/#article","isPartOf":{"@id":"https:\/\/inchurch.com.br\/blog\/comunicacao-para-igrejas-pos-pandemia\/"},"author":{"name":"Igor Ferreira","@id":"https:\/\/inchurch.com.br\/blog\/#\/schema\/person\/6305cfce60ca11d8d567fba6a0400d52"},"headline":"O que muda na comunica\u00e7\u00e3o para igrejas p\u00f3s-pandemia? Veja sete li\u00e7\u00f5es trazidas pela crise da Covid-19","datePublished":"2020-12-02T09:30:00+00:00","dateModified":"2021-06-19T21:44:14+00:00","mainEntityOfPage":{"@id":"https:\/\/inchurch.com.br\/blog\/comunicacao-para-igrejas-pos-pandemia\/"},"wordCount":1377,"commentCount":0,"publisher":{"@id":"https:\/\/inchurch.com.br\/blog\/#organization"},"articleSection":["Comunica\u00e7\u00e3o","Igreja Online"],"inLanguage":"pt-BR","potentialAction":[{"@type":"CommentAction","name":"Comment","target":["https:\/\/inchurch.com.br\/blog\/comunicacao-para-igrejas-pos-pandemia\/#respond"]}]},{"@type":"Person","@id":"https:\/\/inchurch.com.br\/blog\/#\/schema\/person\/6305cfce60ca11d8d567fba6a0400d52","name":"Igor Ferreira","image":{"@type":"ImageObject","inLanguage":"pt-BR","@id":"https:\/\/inchurch.com.br\/blog\/#\/schema\/person\/image\/","url":"https:\/\/secure.gravatar.com\/avatar\/69fa9fa6f971645146081c13d82b66b9?s=96&d=blank&r=g","contentUrl":"https:\/\/secure.gravatar.com\/avatar\/69fa9fa6f971645146081c13d82b66b9?s=96&d=blank&r=g","caption":"Igor Ferreira"},"url":"https:\/\/inchurch.com.br\/blog\/author\/igor-ferreira\/"}]}},"jetpack_featured_media_url":"https:\/\/i0.wp.com\/inchurch.com.br\/blog\/wp-content\/uploads\/2020\/12\/01_12_2020_blog.jpg?fit=1080%2C730&ssl=1","jetpack_shortlink":"https:\/\/wp.me\/p8gkTP-tk","jetpack-related-posts":[{"id":2404,"url":"https:\/\/inchurch.com.br\/blog\/10-medidas-adotadas-pelas-igrejas-que-cresceram-durante-o-lockdown\/","url_meta":{"origin":1818,"position":0},"title":"10 medidas adotadas pelas igrejas que cresceram durante o lockdown","date":"1 de janeiro de 2021","format":false,"excerpt":"O isolamento social afetou diretamente as igrejas brasileiras. Congrega\u00e7\u00f5es de todos os estados foram obrigadas a fechar as portas do templo e se viram diante de uma s\u00e9rie de desafios: como manter a membresia engajada a dist\u00e2ncia? Como continuar acolhendo e discipulando pessoas? Como manter o sustento da igreja se\u2026","rel":"","context":"Em &quot;Comunica\u00e7\u00e3o&quot;","img":{"alt_text":"","src":"https:\/\/i0.wp.com\/inchurch.com.br\/blog\/wp-content\/uploads\/2021\/03\/17_03_2021_blog.jpg?fit=1080%2C730&ssl=1&resize=350%2C200","width":350,"height":200},"classes":[]},{"id":989,"url":"https:\/\/inchurch.com.br\/blog\/inscricoes-abertas-para-a-ii-semana-de-comunicacao-e-tecnologia-inchurch\/","url_meta":{"origin":1818,"position":1},"title":"Inscri\u00e7\u00f5es abertas para a II Semana de Comunica\u00e7\u00e3o e Tecnologia inChurch","date":"10 de junho de 2020","format":false,"excerpt":"Um olhar para o futuro da igreja. Esse \u00e9 o objetivo da II Semana de Comunica\u00e7\u00e3o e Tecnologia para igrejas, evento totalmente on-line e gratuito, que reunir\u00e1 mais de 20 profissionais de comunica\u00e7\u00e3o crist\u00e3 para discutir os impactos da pandemia no futuro da igreja brasileira. O semin\u00e1rio \u00e9 promovido pela\u2026","rel":"","context":"Em &quot;Comunica\u00e7\u00e3o&quot;","img":{"alt_text":"","src":"https:\/\/i0.wp.com\/inchurch.com.br\/blog\/wp-content\/uploads\/2020\/06\/2_semana_comun_blog.png?fit=1080%2C730&ssl=1&resize=350%2C200","width":350,"height":200},"classes":[]},{"id":1949,"url":"https:\/\/inchurch.com.br\/blog\/inchurch-em-2020\/","url_meta":{"origin":1818,"position":2},"title":"A inChurch em 2020: crescimento e consolida\u00e7\u00e3o","date":"22 de dezembro de 2020","format":false,"excerpt":"Mais de 390 novas denomina\u00e7\u00f5es que representam milhares de igrejas, mais de 80 funcion\u00e1rios na equipe, uma plataforma de ensino e um centro de pesquisa e inova\u00e7\u00e3o. Este \u00e9 o saldo da inChurch ap\u00f3s a pandemia de Covid-19. A empresa, que iniciou sua trajet\u00f3ria no mercado de tecnologia para igrejas\u2026","rel":"","context":"Em &quot;Comunica\u00e7\u00e3o&quot;","img":{"alt_text":"inChurch","src":"https:\/\/i0.wp.com\/inchurch.com.br\/blog\/wp-content\/uploads\/2020\/12\/crescimento-inchurch.jpg?fit=1080%2C730&ssl=1&resize=350%2C200","width":350,"height":200},"classes":[]},{"id":3723,"url":"https:\/\/inchurch.com.br\/blog\/qual-a-diferenca-entre-igreja-hibrida-e-igreja-online\/","url_meta":{"origin":1818,"position":3},"title":"Qual a diferen\u00e7a entre igreja h\u00edbrida e igreja online?","date":"14 de abril de 2022","format":false,"excerpt":"Sempre se discutiu muito sobre a Igreja h\u00edbrida, seus pr\u00f3s e contras. Mas, com a chegada da pandemia, a maneira como a igreja enxerga o digital precisou mudar drasticamente, do dia para a noite. N\u00e3o houve muito o que fazer, apesar da tentativa da Igreja em acalmar os \u00e2nimos, instruir\u2026","rel":"","context":"Em &quot;Igreja Online&quot;","img":{"alt_text":"Qual a diferen\u00e7a entre igreja h\u00edbrida e igreja online","src":"https:\/\/i0.wp.com\/inchurch.com.br\/blog\/wp-content\/uploads\/2022\/04\/Qual-a-diferenca-entre-igreja-hibrida-e-igreja-online.png?fit=1080%2C730&ssl=1&resize=350%2C200","width":350,"height":200},"classes":[]},{"id":950,"url":"https:\/\/inchurch.com.br\/blog\/prepare-a-igreja-para-uma-volta-segura-e-gradativa-veja-as-dicas\/","url_meta":{"origin":1818,"position":4},"title":"Prepare a igreja para uma volta segura e gradativa, veja as dicas","date":"12 de maio de 2020","format":false,"excerpt":"A inChurch tem atuado de forma muito pr\u00f3xima das igrejas durante essa pandemia do Covid-19. Gra\u00e7as a Deus conseguimos ajudar centenas de igrejas a passar por esse per\u00edodo e, temos visto agora, movimentos de voltas gradativas aos cultos. Observando esse processo, entendemos que ainda h\u00e1 um mundo novo a ser\u2026","rel":"","context":"Em &quot;Comunica\u00e7\u00e3o&quot;","img":{"alt_text":"","src":"https:\/\/i0.wp.com\/inchurch.com.br\/blog\/wp-content\/uploads\/2020\/05\/volta_igreja_blog.png?fit=1080%2C730&ssl=1&resize=350%2C200","width":350,"height":200},"classes":[]},{"id":963,"url":"https:\/\/inchurch.com.br\/blog\/covid-19-igrejas-retornam-atividades-com-restricoes\/","url_meta":{"origin":1818,"position":5},"title":"[COVID-19]  Igrejas retornam atividades com restri\u00e7\u00f5es","date":"4 de junho de 2020","format":false,"excerpt":"Assista a reportagem na \u00edntegra, que saiu no jornal da Globo, de como os clientes da inChurch est\u00e3o controlando o acesso aos cultos Nos \u00faltimos dias temos visto as not\u00edcias de que, em alguns estados brasileiros, as igrejas j\u00e1 voltaram ou est\u00e3o nesse processo de defini\u00e7\u00e3o de protocolos para reabrirem\u2026","rel":"","context":"Em &quot;Comunica\u00e7\u00e3o&quot;","img":{"alt_text":"","src":"https:\/\/i0.wp.com\/inchurch.com.br\/blog\/wp-content\/uploads\/2020\/06\/04_06_2020_blog.png?fit=1080%2C730&ssl=1&resize=350%2C200","width":350,"height":200},"classes":[]}],"_links":{"self":[{"href":"https:\/\/inchurch.com.br\/blog\/wp-json\/wp\/v2\/posts\/1818","targetHints":{"allow":["GET"]}}],"collection":[{"href":"https:\/\/inchurch.com.br\/blog\/wp-json\/wp\/v2\/posts"}],"about":[{"href":"https:\/\/inchurch.com.br\/blog\/wp-json\/wp\/v2\/types\/post"}],"author":[{"embeddable":true,"href":"https:\/\/inchurch.com.br\/blog\/wp-json\/wp\/v2\/users\/13"}],"replies":[{"embeddable":true,"href":"https:\/\/inchurch.com.br\/blog\/wp-json\/wp\/v2\/comments?post=1818"}],"version-history":[{"count":51,"href":"https:\/\/inchurch.com.br\/blog\/wp-json\/wp\/v2\/posts\/1818\/revisions"}],"predecessor-version":[{"id":2973,"href":"https:\/\/inchurch.com.br\/blog\/wp-json\/wp\/v2\/posts\/1818\/revisions\/2973"}],"wp:featuredmedia":[{"embeddable":true,"href":"https:\/\/inchurch.com.br\/blog\/wp-json\/wp\/v2\/media\/1840"}],"wp:attachment":[{"href":"https:\/\/inchurch.com.br\/blog\/wp-json\/wp\/v2\/media?parent=1818"}],"wp:term":[{"taxonomy":"category","embeddable":true,"href":"https:\/\/inchurch.com.br\/blog\/wp-json\/wp\/v2\/categories?post=1818"},{"taxonomy":"post_tag","embeddable":true,"href":"https:\/\/inchurch.com.br\/blog\/wp-json\/wp\/v2\/tags?post=1818"}],"curies":[{"name":"wp","href":"https:\/\/api.w.org\/{rel}","templated":true}]}}